{"id":4612,"date":"2023-01-09T17:12:01","date_gmt":"2023-01-09T16:12:01","guid":{"rendered":"https:\/\/cftc-syntec.fr\/testimport\/au-coeur-des-pic-la-cftc-signe-la-prolongation-de-laccord-bscc\/"},"modified":"2023-01-09T17:12:01","modified_gmt":"2023-01-09T16:12:01","slug":"au-coeur-des-pic-la-cftc-signe-la-prolongation-de-laccord-bscc","status":"publish","type":"post","link":"https:\/\/cftc-syntec.fr\/testimport\/au-coeur-des-pic-la-cftc-signe-la-prolongation-de-laccord-bscc\/","title":{"rendered":"AU C\u0152UR DES PIC LA CFTC SIGNE LA PROLONGATION DE L\u2019ACCORD BSCC"},"content":{"rendered":"<p class=\"has-text-color\"><strong>La CFTC a obtenu :<\/strong><\/p>\n<p><strong>Prolongation en 2023 de la PRIME EAP sur le p\u00e9rim\u00e8tre DEX-CIL<\/strong><br \/>\n<strong>650 Promotions sur l\u2019ensemble du p\u00e9rim\u00e8tre durant la p\u00e9riode.<\/strong><br \/>\n<strong>200 recrutements seront r\u00e9alis\u00e9s du 1er janvier au 31 d\u00e9cembre 2023<\/strong><br \/>\n<strong>Animateur UAP positionn\u00e9 en classe II<\/strong><\/p>\n<p class=\"has-text-color\"><strong>CE QUE NOUS N\u2019ACCEPTERONS PAS :<\/strong><\/p>\n<p><strong>Une interpr\u00e9tation al\u00e9atoire de l\u2019accord au d\u00e9triment des postiers<\/strong><br \/>\n<strong>Des conditions de travail o\u00f9 les postiers ne trouvent plus de sens \u00e0 leur m\u00e9tier<\/strong><\/p>\n<p class=\"has-text-color\"><strong>SANS LA SIGNATURE DE LA CFTC, CES MESURES N\u2019EXISTERAIENT PLUS\u00a0!<\/strong><\/p>\n<p class=\"has-text-color\">UNE SIGNATURE OUI, MAIS SANS LAISSER CARTE BLANCHE\u00a0!<\/p>\n<p>La CFTC s\u2019est engag\u00e9e sur la prolongation de l\u2019Accord BSCC en 2023.<\/p>\n<p>Cette signature permet, entre autres, de prolonger la Prime EAP, de promouvoir des collaborateurs et de recruter sur le p\u00e9rim\u00e8tre DEX-CIL\u2026<\/p>\n<p>La CFTC veillera attentivement \u00e0 ce que l\u2019ensemble de ces mesures soient appliqu\u00e9es de mani\u00e8re stricte et rigoureuse dans chaque \u00e9tablissement\u00a0!<\/p>\n<p>Dans un contexte o\u00f9 les transformations se d\u00e9roulent \u00e0 grande vitesse, avec toutes les r\u00e9percussions que cela engendre, il est capital de s\u2019assurer de la bonne application des mesures prises, et des engagements de la Poste\u00a0!<\/p>\n<p>La CFTC s\u2019y emploiera au quotidien\u00a0!<\/p>\n<p>Il devient urgent que la qualit\u00e9 de travail de chaque agent, cadre et responsable au sein de la DEX-CIL soit respect\u00e9e\u00a0!<\/p>\n<p>Gageons que ce d\u00e9but d\u2019ann\u00e9e 2023 s\u2019y emploiera, \u00e0 l\u2019aube de la mise en place de la Nouvelle Gamme Courrier\u00a0!<\/p>\n<p class=\"has-white-color has-text-color has-background\"><strong>LA CFTC AU C\u0152UR DES PR\u00c9OCCUPATIONS DES POSTIERS ET DE LEURS CONDITIONS DE TRAVAIL\u00a0!<\/strong><\/p>\n<p>L\u2019article <a href=\"https:\/\/www.cftcmediaplus.fr\/federation\/au-coeur-des-pic-la-cftc-signe-la-prolongation-de-laccord-bscc\/\">AU C\u0152UR DES PIC LA CFTC SIGNE LA PROLONGATION DE L\u2019ACCORD BSCC<\/a> est apparu en premier sur <a href=\"https:\/\/www.cftcmediaplus.fr\/\">CFTC Media Plus<\/a>.<\/p>\n","protected":false},"excerpt":{"rendered":"<p>La CFTC a obtenu : Prolongation en 2023 de la PRIME EAP sur le p\u00e9rim\u00e8tre DEX-CIL 650 Promotions sur l\u2019ensemble du p\u00e9rim\u00e8tre durant la p\u00e9riode. 200 recrutements seront r\u00e9alis\u00e9s du 1er janvier au 31 d\u00e9cembre 2023 Animateur UAP positionn\u00e9 en classe II CE QUE NOUS N\u2019ACCEPTERONS PAS : Une interpr\u00e9tation al\u00e9atoire de l\u2019accord au d\u00e9triment [&hellip;]<\/p>\n","protected":false},"author":0,"featured_media":0,"comment_status":"open","ping_status":"open","sticky":false,"template":"","format":"standard","meta":[],"categories":[1],"tags":[],"_links":{"self":[{"href":"https:\/\/cftc-syntec.fr\/testimport\/wp-json\/wp\/v2\/posts\/4612"}],"collection":[{"href":"https:\/\/cftc-syntec.fr\/testimport\/wp-json\/wp\/v2\/posts"}],"about":[{"href":"https:\/\/cftc-syntec.fr\/testimport\/wp-json\/wp\/v2\/types\/post"}],"replies":[{"embeddable":true,"href":"https:\/\/cftc-syntec.fr\/testimport\/wp-json\/wp\/v2\/comments?post=4612"}],"version-history":[{"count":0,"href":"https:\/\/cftc-syntec.fr\/testimport\/wp-json\/wp\/v2\/posts\/4612\/revisions"}],"wp:attachment":[{"href":"https:\/\/cftc-syntec.fr\/testimport\/wp-json\/wp\/v2\/media?parent=4612"}],"wp:term":[{"taxonomy":"category","embeddable":true,"href":"https:\/\/cftc-syntec.fr\/testimport\/wp-json\/wp\/v2\/categories?post=4612"},{"taxonomy":"post_tag","embeddable":true,"href":"https:\/\/cftc-syntec.fr\/testimport\/wp-json\/wp\/v2\/tags?post=4612"}],"curies":[{"name":"wp","href":"https:\/\/api.w.org\/{rel}","templated":true}]}}