{"id":4614,"date":"2023-01-10T14:13:50","date_gmt":"2023-01-10T13:13:50","guid":{"rendered":"https:\/\/cftc-syntec.fr\/testimport\/communique-de-presse-les-impacts-de-la-nouvelle-gamme-courrier-sur-les-facteurs-et-la-distribution\/"},"modified":"2023-01-10T14:13:50","modified_gmt":"2023-01-10T13:13:50","slug":"communique-de-presse-les-impacts-de-la-nouvelle-gamme-courrier-sur-les-facteurs-et-la-distribution","status":"publish","type":"post","link":"https:\/\/cftc-syntec.fr\/testimport\/communique-de-presse-les-impacts-de-la-nouvelle-gamme-courrier-sur-les-facteurs-et-la-distribution\/","title":{"rendered":"Communiqu\u00e9 de presse: Les impacts de la Nouvelle Gamme Courrier sur les facteurs et la distribution"},"content":{"rendered":"<p>La diminution drastique des volumes de courrier en J+1 du fait de la d\u00e9mat\u00e9rialisation du timbre rouge et le passage de J+2 en J+3 pour le timbre vert et la lettre recommand\u00e9e sont autant d\u2019\u00e9l\u00e9ments qui vont permettre \u00e0 La Poste en 2023 d\u2019exp\u00e9rimenter de nouvelles organisations sur les 68 sites.<\/p>\n<p>La Poste r\u00e9alise depuis plusieurs ann\u00e9es des \u00e9conomies sur les d\u00e9placements tout en maintenant la distribution du courrier 6 jours sur 7 sur l\u2019ensemble du territoire national (missions du service public).<\/p>\n<p>Depuis mai 2020 et la crise du Covid, La Poste r\u00e9alise d\u00e9j\u00e0 ce type d\u2019organisation autour de la distribution de la presse, du colis, des services et de la lettre en J+1 le samedi.<\/p>\n<p>Les exp\u00e9rimentations \u00e0 venir vont \u00eatre bas\u00e9es sur une distribution altern\u00e9e mais l\u2019usager abonn\u00e9 \u00e0 un journal par exemple verra passer son facteur quotidiennement.<\/p>\n<p><strong>La CFTC d\u00e9nonce ce type d\u2019organisation rendu possible par la Nouvelle Gamme Courrier et ses r\u00e9percussions sur les effectifs, les horaires et la flexibilit\u00e9 dans les organisations.<\/strong><\/p>\n<p><strong>Les clients sont tr\u00e8s inquiets, tout comme les facteurs qui tiennent \u00e9galement \u00e0 ce passage quotidien.<\/strong><\/p>\n<p><strong>Malgr\u00e9 ces exp\u00e9rimentations, la CFTC continue dans chacune de ses actions \u00e0 revendiquer le maintien de la notion de titulaire de tourn\u00e9e auquel les facteurs sont attach\u00e9s.<\/strong><\/p>\n<p>L\u2019article <a href=\"https:\/\/www.cftcmediaplus.fr\/postes\/les-impacts-de-la-nouvelle-gamme-courrier-sur-les-facteurs-et-la-distribution\/\">Communiqu\u00e9 de presse: Les impacts de la Nouvelle Gamme Courrier sur les facteurs et la distribution<\/a> est apparu en premier sur <a href=\"https:\/\/www.cftcmediaplus.fr\/\">CFTC Media Plus<\/a>.<\/p>\n","protected":false},"excerpt":{"rendered":"<p>La diminution drastique des volumes de courrier en J+1 du fait de la d\u00e9mat\u00e9rialisation du timbre rouge et le passage de J+2 en J+3 pour le timbre vert et la lettre recommand\u00e9e sont autant d\u2019\u00e9l\u00e9ments qui vont permettre \u00e0 La Poste en 2023 d\u2019exp\u00e9rimenter de nouvelles organisations sur les 68 sites. La Poste r\u00e9alise depuis [&hellip;]<\/p>\n","protected":false},"author":0,"featured_media":0,"comment_status":"open","ping_status":"open","sticky":false,"template":"","format":"standard","meta":[],"categories":[1],"tags":[],"_links":{"self":[{"href":"https:\/\/cftc-syntec.fr\/testimport\/wp-json\/wp\/v2\/posts\/4614"}],"collection":[{"href":"https:\/\/cftc-syntec.fr\/testimport\/wp-json\/wp\/v2\/posts"}],"about":[{"href":"https:\/\/cftc-syntec.fr\/testimport\/wp-json\/wp\/v2\/types\/post"}],"replies":[{"embeddable":true,"href":"https:\/\/cftc-syntec.fr\/testimport\/wp-json\/wp\/v2\/comments?post=4614"}],"version-history":[{"count":0,"href":"https:\/\/cftc-syntec.fr\/testimport\/wp-json\/wp\/v2\/posts\/4614\/revisions"}],"wp:attachment":[{"href":"https:\/\/cftc-syntec.fr\/testimport\/wp-json\/wp\/v2\/media?parent=4614"}],"wp:term":[{"taxonomy":"category","embeddable":true,"href":"https:\/\/cftc-syntec.fr\/testimport\/wp-json\/wp\/v2\/categories?post=4614"},{"taxonomy":"post_tag","embeddable":true,"href":"https:\/\/cftc-syntec.fr\/testimport\/wp-json\/wp\/v2\/tags?post=4614"}],"curies":[{"name":"wp","href":"https:\/\/api.w.org\/{rel}","templated":true}]}}