{"id":4620,"date":"2023-01-11T13:27:41","date_gmt":"2023-01-11T12:27:41","guid":{"rendered":"https:\/\/cftc-syntec.fr\/testimport\/petition-retraites-non-a-cette-reforme-injuste-et-brutale\/"},"modified":"2023-01-11T13:27:41","modified_gmt":"2023-01-11T12:27:41","slug":"petition-retraites-non-a-cette-reforme-injuste-et-brutale","status":"publish","type":"post","link":"https:\/\/cftc-syntec.fr\/testimport\/petition-retraites-non-a-cette-reforme-injuste-et-brutale\/","title":{"rendered":"[P\u00c9TITION] Retraites : non \u00e0 cette r\u00e9forme injuste et brutale\u00a0!"},"content":{"rendered":"<p>Cet article <a href=\"https:\/\/www.cftc.fr\/actualites\/social\/retraites-non-a-cette-reforme-injuste-et-brutale\">[P\u00c9TITION] Retraites : non \u00e0 cette r\u00e9forme injuste et brutale\u00a0!<\/a> est apparu en premier sur <a href=\"https:\/\/www.cftc.fr\/\">CFTC<\/a>.<\/p>\n","protected":false},"excerpt":{"rendered":"<p>Cet article [P\u00c9TITION] Retraites : non \u00e0 cette r\u00e9forme injuste et brutale\u00a0! est apparu en premier sur CFTC.<\/p>\n","protected":false},"author":0,"featured_media":0,"comment_status":"open","ping_status":"open","sticky":false,"template":"","format":"standard","meta":[],"categories":[1],"tags":[],"_links":{"self":[{"href":"https:\/\/cftc-syntec.fr\/testimport\/wp-json\/wp\/v2\/posts\/4620"}],"collection":[{"href":"https:\/\/cftc-syntec.fr\/testimport\/wp-json\/wp\/v2\/posts"}],"about":[{"href":"https:\/\/cftc-syntec.fr\/testimport\/wp-json\/wp\/v2\/types\/post"}],"replies":[{"embeddable":true,"href":"https:\/\/cftc-syntec.fr\/testimport\/wp-json\/wp\/v2\/comments?post=4620"}],"version-history":[{"count":0,"href":"https:\/\/cftc-syntec.fr\/testimport\/wp-json\/wp\/v2\/posts\/4620\/revisions"}],"wp:attachment":[{"href":"https:\/\/cftc-syntec.fr\/testimport\/wp-json\/wp\/v2\/media?parent=4620"}],"wp:term":[{"taxonomy":"category","embeddable":true,"href":"https:\/\/cftc-syntec.fr\/testimport\/wp-json\/wp\/v2\/categories?post=4620"},{"taxonomy":"post_tag","embeddable":true,"href":"https:\/\/cftc-syntec.fr\/testimport\/wp-json\/wp\/v2\/tags?post=4620"}],"curies":[{"name":"wp","href":"https:\/\/api.w.org\/{rel}","templated":true}]}}