{"id":4621,"date":"2023-01-12T12:14:50","date_gmt":"2023-01-12T11:14:50","guid":{"rendered":"https:\/\/cftc-syntec.fr\/testimport\/avis-de-deces-albert-fromherz-nous-a-quitte\/"},"modified":"2023-01-12T12:14:50","modified_gmt":"2023-01-12T11:14:50","slug":"avis-de-deces-albert-fromherz-nous-a-quitte","status":"publish","type":"post","link":"https:\/\/cftc-syntec.fr\/testimport\/avis-de-deces-albert-fromherz-nous-a-quitte\/","title":{"rendered":"Avis de D\u00e9c\u00e8s : Albert Fromherz nous a quitt\u00e9"},"content":{"rendered":"<p>Nous avons la tristesse de vous annoncer le d\u00e9c\u00e8s d\u2019Albert Fromherz dans sa 88\u00e9me ann\u00e9e. <\/p>\n<p>Militant infatigable, une partie de sa vie a \u00e9t\u00e9 consacr\u00e9e \u00e0 la CFTC, principalement dans le Rh\u00f4ne, o\u00f9 il a dirig\u00e9 le syndicat Postes et T\u00e9l\u00e9coms.  Il a \u00e9galement \u00e9t\u00e9 administrateur de la CPAM, et a re\u00e7u la L\u00e9gion d\u2019Honneur. <\/p>\n<p>Sa carri\u00e8re a \u00e9t\u00e9 faite chez France T\u00e9l\u00e9com, o\u00f9 il \u00e9tait inspecteur aux lignes. <\/p>\n<p>Ses fun\u00e9railles se tiendront\u00a0<strong>en l\u2019\u00c9glise Saint Jacques de Corbas (69960) le vendredi 13 janvier 2023 \u00e0 14h30<\/strong>.<\/p>\n<\/p>\n<p>Nous adressons nos condol\u00e9ances \u00e0 sa famille, ses 2 filles et ses petits-enfants. <\/p>\n<p>L\u2019article <a href=\"https:\/\/www.cftcmediaplus.fr\/federation\/avis-de-deces-albert-fromherz-nous-a-quitte\/\">Avis de D\u00e9c\u00e8s : Albert Fromherz nous a quitt\u00e9<\/a> est apparu en premier sur <a href=\"https:\/\/www.cftcmediaplus.fr\/\">CFTC Media Plus<\/a>.<\/p>\n","protected":false},"excerpt":{"rendered":"<p>Nous avons la tristesse de vous annoncer le d\u00e9c\u00e8s d\u2019Albert Fromherz dans sa 88\u00e9me ann\u00e9e. Militant infatigable, une partie de sa vie a \u00e9t\u00e9 consacr\u00e9e \u00e0 la CFTC, principalement dans le Rh\u00f4ne, o\u00f9 il a dirig\u00e9 le syndicat Postes et T\u00e9l\u00e9coms. Il a \u00e9galement \u00e9t\u00e9 administrateur de la CPAM, et a re\u00e7u la L\u00e9gion d\u2019Honneur. [&hellip;]<\/p>\n","protected":false},"author":0,"featured_media":0,"comment_status":"open","ping_status":"open","sticky":false,"template":"","format":"standard","meta":[],"categories":[1],"tags":[],"_links":{"self":[{"href":"https:\/\/cftc-syntec.fr\/testimport\/wp-json\/wp\/v2\/posts\/4621"}],"collection":[{"href":"https:\/\/cftc-syntec.fr\/testimport\/wp-json\/wp\/v2\/posts"}],"about":[{"href":"https:\/\/cftc-syntec.fr\/testimport\/wp-json\/wp\/v2\/types\/post"}],"replies":[{"embeddable":true,"href":"https:\/\/cftc-syntec.fr\/testimport\/wp-json\/wp\/v2\/comments?post=4621"}],"version-history":[{"count":0,"href":"https:\/\/cftc-syntec.fr\/testimport\/wp-json\/wp\/v2\/posts\/4621\/revisions"}],"wp:attachment":[{"href":"https:\/\/cftc-syntec.fr\/testimport\/wp-json\/wp\/v2\/media?parent=4621"}],"wp:term":[{"taxonomy":"category","embeddable":true,"href":"https:\/\/cftc-syntec.fr\/testimport\/wp-json\/wp\/v2\/categories?post=4621"},{"taxonomy":"post_tag","embeddable":true,"href":"https:\/\/cftc-syntec.fr\/testimport\/wp-json\/wp\/v2\/tags?post=4621"}],"curies":[{"name":"wp","href":"https:\/\/api.w.org\/{rel}","templated":true}]}}