{"id":4664,"date":"2023-03-03T11:18:53","date_gmt":"2023-03-03T10:18:53","guid":{"rendered":"https:\/\/cftc-syntec.fr\/testimport\/retraites-il-ny-a-pas-eu-suffisamment-de-discussions-sur-les-sujets-de-fond\/"},"modified":"2023-03-03T11:18:53","modified_gmt":"2023-03-03T10:18:53","slug":"retraites-il-ny-a-pas-eu-suffisamment-de-discussions-sur-les-sujets-de-fond","status":"publish","type":"post","link":"https:\/\/cftc-syntec.fr\/testimport\/retraites-il-ny-a-pas-eu-suffisamment-de-discussions-sur-les-sujets-de-fond\/","title":{"rendered":"Retraites : \u00ab Il n\u2019y a pas eu suffisamment de discussions sur les sujets de fond \u00bb"},"content":{"rendered":"<p>La r\u00e9forme des retraites est arriv\u00e9e au S\u00e9nat. Discut\u00e9 en commission depuis mardi, le texte a \u00e9t\u00e9 d\u00e9battu en s\u00e9ance dans l&rsquo;h\u00e9micycle jeudi 2 mars. Quelles seront les modalit\u00e9s des discussions\u00a0? <\/p>\n<p>Pour Cyril Chabanier, pr\u00e9sident de la CFTC\u00a0: \u00ab Les Fran\u00e7ais et Fran\u00e7aises souhaitaient entendre des d\u00e9bats sur le fond \u00e0 l\u2019Assembl\u00e9e. Malheureusement, on en a tr\u00e8s peu parl\u00e9. Il n\u2019y a pas eu suffisamment de discussion sur des sujets tr\u00e8s importants.<\/p>\n<p>Les discussions sur l\u2019emploi des seniors sont pass\u00e9es tr\u00e8s (trop) rapidement. D\u2019autres sujets sur la p\u00e9nibilit\u00e9, ou encore les in\u00e9galit\u00e9s femmes-hommes n\u2019ont quasiment pas \u00e9t\u00e9 \u00e9voqu\u00e9s\u2026 Pourtant ce sont des sujets majeurs de cette r\u00e9forme des retraites. Nous attendons mieux, aujourd&rsquo;hui, au S\u00e9nat. \u00bb<\/p>\n","protected":false},"excerpt":{"rendered":"<p>La r\u00e9forme des retraites est arriv\u00e9e au S\u00e9nat. Discut\u00e9 en commission depuis mardi, le texte a \u00e9t\u00e9 d\u00e9battu en s\u00e9ance dans l&rsquo;h\u00e9micycle jeudi 2 mars. Quelles seront les modalit\u00e9s des discussions\u00a0? Pour Cyril Chabanier, pr\u00e9sident de la CFTC\u00a0: \u00ab Les Fran\u00e7ais et Fran\u00e7aises souhaitaient entendre des d\u00e9bats sur le fond \u00e0 l\u2019Assembl\u00e9e. Malheureusement, on en [&hellip;]<\/p>\n","protected":false},"author":0,"featured_media":0,"comment_status":"open","ping_status":"open","sticky":false,"template":"","format":"standard","meta":[],"categories":[1],"tags":[],"_links":{"self":[{"href":"https:\/\/cftc-syntec.fr\/testimport\/wp-json\/wp\/v2\/posts\/4664"}],"collection":[{"href":"https:\/\/cftc-syntec.fr\/testimport\/wp-json\/wp\/v2\/posts"}],"about":[{"href":"https:\/\/cftc-syntec.fr\/testimport\/wp-json\/wp\/v2\/types\/post"}],"replies":[{"embeddable":true,"href":"https:\/\/cftc-syntec.fr\/testimport\/wp-json\/wp\/v2\/comments?post=4664"}],"version-history":[{"count":0,"href":"https:\/\/cftc-syntec.fr\/testimport\/wp-json\/wp\/v2\/posts\/4664\/revisions"}],"wp:attachment":[{"href":"https:\/\/cftc-syntec.fr\/testimport\/wp-json\/wp\/v2\/media?parent=4664"}],"wp:term":[{"taxonomy":"category","embeddable":true,"href":"https:\/\/cftc-syntec.fr\/testimport\/wp-json\/wp\/v2\/categories?post=4664"},{"taxonomy":"post_tag","embeddable":true,"href":"https:\/\/cftc-syntec.fr\/testimport\/wp-json\/wp\/v2\/tags?post=4664"}],"curies":[{"name":"wp","href":"https:\/\/api.w.org\/{rel}","templated":true}]}}