{"id":4666,"date":"2023-03-03T15:47:55","date_gmt":"2023-03-03T14:47:55","guid":{"rendered":"https:\/\/cftc-syntec.fr\/testimport\/la-cftc-au-salon-de-lagriculture\/"},"modified":"2023-03-03T15:47:55","modified_gmt":"2023-03-03T14:47:55","slug":"la-cftc-au-salon-de-lagriculture","status":"publish","type":"post","link":"https:\/\/cftc-syntec.fr\/testimport\/la-cftc-au-salon-de-lagriculture\/","title":{"rendered":"La CFTC au salon de l\u2019agriculture"},"content":{"rendered":"<p>La CFTC est pr\u00e9sente au salon International de l&rsquo;Agriculture (25 f\u00e9vrier au 5 mars 2023). L&rsquo;occasion de rencontrer personnalit\u00e9s et visiteurs afin de repr\u00e9senter et de d\u00e9fendre le secteur agricole.<\/p>\n","protected":false},"excerpt":{"rendered":"<p>La CFTC est pr\u00e9sente au salon International de l&rsquo;Agriculture (25 f\u00e9vrier au 5 mars 2023). L&rsquo;occasion de rencontrer personnalit\u00e9s et visiteurs afin de repr\u00e9senter et de d\u00e9fendre le secteur agricole.<\/p>\n","protected":false},"author":0,"featured_media":0,"comment_status":"open","ping_status":"open","sticky":false,"template":"","format":"standard","meta":[],"categories":[1],"tags":[],"_links":{"self":[{"href":"https:\/\/cftc-syntec.fr\/testimport\/wp-json\/wp\/v2\/posts\/4666"}],"collection":[{"href":"https:\/\/cftc-syntec.fr\/testimport\/wp-json\/wp\/v2\/posts"}],"about":[{"href":"https:\/\/cftc-syntec.fr\/testimport\/wp-json\/wp\/v2\/types\/post"}],"replies":[{"embeddable":true,"href":"https:\/\/cftc-syntec.fr\/testimport\/wp-json\/wp\/v2\/comments?post=4666"}],"version-history":[{"count":0,"href":"https:\/\/cftc-syntec.fr\/testimport\/wp-json\/wp\/v2\/posts\/4666\/revisions"}],"wp:attachment":[{"href":"https:\/\/cftc-syntec.fr\/testimport\/wp-json\/wp\/v2\/media?parent=4666"}],"wp:term":[{"taxonomy":"category","embeddable":true,"href":"https:\/\/cftc-syntec.fr\/testimport\/wp-json\/wp\/v2\/categories?post=4666"},{"taxonomy":"post_tag","embeddable":true,"href":"https:\/\/cftc-syntec.fr\/testimport\/wp-json\/wp\/v2\/tags?post=4666"}],"curies":[{"name":"wp","href":"https:\/\/api.w.org\/{rel}","templated":true}]}}