{"id":4667,"date":"2023-03-08T05:13:14","date_gmt":"2023-03-08T04:13:14","guid":{"rendered":"https:\/\/cftc-syntec.fr\/testimport\/femmes-inegalites-de-carriere-inegalites-de-retraites-ca-suffit\/"},"modified":"2023-03-08T05:13:14","modified_gmt":"2023-03-08T04:13:14","slug":"femmes-inegalites-de-carriere-inegalites-de-retraites-ca-suffit","status":"publish","type":"post","link":"https:\/\/cftc-syntec.fr\/testimport\/femmes-inegalites-de-carriere-inegalites-de-retraites-ca-suffit\/","title":{"rendered":"Femmes, in\u00e9galit\u00e9s de carri\u00e8re, in\u00e9galit\u00e9s de retraites. \u00c7a suffit !"},"content":{"rendered":"<p>La CFTC sera dans la rue le 16 f\u00e9vrier et couvre, par un mot d\u2019ordre de gr\u00e8ve, tous les salari\u00e9s et agents de la fonction publique souhaitant prendre part aux nombreuses mobilisations organis\u00e9es \u00e0 Paris et en r\u00e9gions  !<\/p>\n","protected":false},"excerpt":{"rendered":"<p>La CFTC sera dans la rue le 16 f\u00e9vrier et couvre, par un mot d\u2019ordre de gr\u00e8ve, tous les salari\u00e9s et agents de la fonction publique souhaitant prendre part aux nombreuses mobilisations organis\u00e9es \u00e0 Paris et en r\u00e9gions !<\/p>\n","protected":false},"author":0,"featured_media":0,"comment_status":"open","ping_status":"open","sticky":false,"template":"","format":"standard","meta":[],"categories":[1],"tags":[],"_links":{"self":[{"href":"https:\/\/cftc-syntec.fr\/testimport\/wp-json\/wp\/v2\/posts\/4667"}],"collection":[{"href":"https:\/\/cftc-syntec.fr\/testimport\/wp-json\/wp\/v2\/posts"}],"about":[{"href":"https:\/\/cftc-syntec.fr\/testimport\/wp-json\/wp\/v2\/types\/post"}],"replies":[{"embeddable":true,"href":"https:\/\/cftc-syntec.fr\/testimport\/wp-json\/wp\/v2\/comments?post=4667"}],"version-history":[{"count":0,"href":"https:\/\/cftc-syntec.fr\/testimport\/wp-json\/wp\/v2\/posts\/4667\/revisions"}],"wp:attachment":[{"href":"https:\/\/cftc-syntec.fr\/testimport\/wp-json\/wp\/v2\/media?parent=4667"}],"wp:term":[{"taxonomy":"category","embeddable":true,"href":"https:\/\/cftc-syntec.fr\/testimport\/wp-json\/wp\/v2\/categories?post=4667"},{"taxonomy":"post_tag","embeddable":true,"href":"https:\/\/cftc-syntec.fr\/testimport\/wp-json\/wp\/v2\/tags?post=4667"}],"curies":[{"name":"wp","href":"https:\/\/api.w.org\/{rel}","templated":true}]}}