{"id":4684,"date":"2023-03-23T13:09:13","date_gmt":"2023-03-23T12:09:13","guid":{"rendered":"https:\/\/cftc-syntec.fr\/testimport\/il-est-temps-de-reconnaitre-le-travail-des-fse\/"},"modified":"2023-03-23T13:09:13","modified_gmt":"2023-03-23T12:09:13","slug":"il-est-temps-de-reconnaitre-le-travail-des-fse","status":"publish","type":"post","link":"https:\/\/cftc-syntec.fr\/testimport\/il-est-temps-de-reconnaitre-le-travail-des-fse\/","title":{"rendered":"IL EST TEMPS DE RECONNA\u00ceTRE LE TRAVAIL DES FSE !"},"content":{"rendered":"<p class=\"has-danger-color has-text-color\"><strong>LA CFTC A OBTENU :<\/strong><\/p>\n<p><strong>la prime de 8 euros pour le remplacement du ROP<\/strong><br \/>\n<strong>un renforcement de sa fonction d\u2019appui et d\u2019aide \u00e0 l\u2019animation des \u00e9quipes<\/strong><br \/>\n<strong>que la BSCC reconnaisse l\u2019expertise des FSE dans les nombreuses t\u00e2ches qu\u2019ils doivent accomplir<\/strong><br \/>\n<strong>la possibilit\u00e9 d\u2019\u00e9voluer en comp\u00e9tences afin de se positionner sur des niveaux de fonctions hi\u00e9rarchiques sup\u00e9rieurs<\/strong><\/p>\n<p class=\"has-danger-color has-text-color\"><strong>LA CFTC DEMANDE QUE :<\/strong><\/p>\n<p><strong>le FSE ne soit pas\u00a0 consid\u00e9r\u00e9\u00a0 comme un moyen de remplacement suppl\u00e9mentaire<\/strong><br \/>\n<strong>les FSE aient enfin la possibilit\u00e9 de consacrer du temps \u00e0 leur partie qualit\u00e9<\/strong><br \/>\n<strong>les FSE occupant un poste sup\u00e9rieur de mani\u00e8re prolong\u00e9e soient rapidement promus<\/strong><\/p>\n<p><strong>FSE\u00a0: UNE POSITION DE TRAVAIL \u00c0 PART ENTI\u00c8RE, QUI M\u00c9RITE CONSID\u00c9RATION\u00a0!<\/strong><\/p>\n<p>Depuis trop longtemps, les FSE sont laiss\u00e9s pour compte dans les organigrammes des \u00e9tablissements\u00a0!<\/p>\n<p>V\u00e9ritables couteaux suisses, aussi bien au niveau des remplacements que des nouvelles organisations, les FSE ne sont plus consid\u00e9r\u00e9s comme des acteurs pr\u00e9pond\u00e9rants de la vie de l\u2019\u00e9tablissement.<\/p>\n<p>Clef de voute de la transformation, ils ne sont, que trop peu d\u00e9tach\u00e9s de la distribution pour permettre l\u2019am\u00e9lioration des conditions de travail du facteur.<\/p>\n<p>Avec les nouvelles organisations de travail, et notamment la NGC, il est pourtant primordial qu\u2019ils puissent accompagner les changements d\u2019organisation\u00a0!<\/p>\n<p>A l\u2019heure o\u00f9 la BSCC pr\u00f4ne l\u2019autonomie des \u00e9quipes au sein de la distribution, le FSE a plus que jamais un r\u00f4le majeur \u00e0 jouer, en soutien de son ROP ou RE notamment\u00a0!<\/p>\n<p>Il est imp\u00e9ratif de redonner l\u2019envie aux postiers d\u2019acc\u00e9der \u00e0 ce niveau de fonction, en r\u00e9duisant les \u00e9carts de salaires avec la prime de remplacement qu\u2019ils ne per\u00e7oivent pas sur leur site, au contraire des facteurs polyvalents.<\/p>\n<p><strong>LA CFTC R\u00c9CLAME UNE R\u00c9FLEXION SUR LE M\u00c9TIER DE FSE ET UNE V\u00c9RITABLE REVALORISATION\u00a0DE LA FONCTION !<\/strong><\/p>\n<p>L\u2019article <a href=\"https:\/\/www.cftcmediaplus.fr\/postes\/il-est-temps-de-reconnaitre-le-travail-des-fse\/\">IL EST TEMPS DE RECONNA\u00ceTRE LE TRAVAIL DES FSE !<\/a> est apparu en premier sur <a href=\"https:\/\/www.cftcmediaplus.fr\/\">CFTC Media Plus<\/a>.<\/p>\n","protected":false},"excerpt":{"rendered":"<p>LA CFTC A OBTENU : la prime de 8 euros pour le remplacement du ROP un renforcement de sa fonction d\u2019appui et d\u2019aide \u00e0 l\u2019animation des \u00e9quipes que la BSCC reconnaisse l\u2019expertise des FSE dans les nombreuses t\u00e2ches qu\u2019ils doivent accomplir la possibilit\u00e9 d\u2019\u00e9voluer en comp\u00e9tences afin de se positionner sur des niveaux de fonctions [&hellip;]<\/p>\n","protected":false},"author":0,"featured_media":0,"comment_status":"open","ping_status":"open","sticky":false,"template":"","format":"standard","meta":[],"categories":[1],"tags":[],"_links":{"self":[{"href":"https:\/\/cftc-syntec.fr\/testimport\/wp-json\/wp\/v2\/posts\/4684"}],"collection":[{"href":"https:\/\/cftc-syntec.fr\/testimport\/wp-json\/wp\/v2\/posts"}],"about":[{"href":"https:\/\/cftc-syntec.fr\/testimport\/wp-json\/wp\/v2\/types\/post"}],"replies":[{"embeddable":true,"href":"https:\/\/cftc-syntec.fr\/testimport\/wp-json\/wp\/v2\/comments?post=4684"}],"version-history":[{"count":0,"href":"https:\/\/cftc-syntec.fr\/testimport\/wp-json\/wp\/v2\/posts\/4684\/revisions"}],"wp:attachment":[{"href":"https:\/\/cftc-syntec.fr\/testimport\/wp-json\/wp\/v2\/media?parent=4684"}],"wp:term":[{"taxonomy":"category","embeddable":true,"href":"https:\/\/cftc-syntec.fr\/testimport\/wp-json\/wp\/v2\/categories?post=4684"},{"taxonomy":"post_tag","embeddable":true,"href":"https:\/\/cftc-syntec.fr\/testimport\/wp-json\/wp\/v2\/tags?post=4684"}],"curies":[{"name":"wp","href":"https:\/\/api.w.org\/{rel}","templated":true}]}}