{"id":4686,"date":"2023-03-25T21:08:01","date_gmt":"2023-03-25T20:08:01","guid":{"rendered":"https:\/\/cftc-syntec.fr\/testimport\/la-cftc-signe-la-prolongation-de-laccord-de-logement\/"},"modified":"2023-03-25T21:08:01","modified_gmt":"2023-03-25T20:08:01","slug":"la-cftc-signe-la-prolongation-de-laccord-de-logement","status":"publish","type":"post","link":"https:\/\/cftc-syntec.fr\/testimport\/la-cftc-signe-la-prolongation-de-laccord-de-logement\/","title":{"rendered":"LA CFTC SIGNE LA PROLONGATION DE L\u2019ACCORD DE LOGEMENT"},"content":{"rendered":"<p class=\"has-danger-color has-text-color\"><strong>LA CFTC A OBTENU :<\/strong><\/p>\n<p><strong>Une revalorisation<\/strong><strong> de 3% sur les aides financi\u00e8res au logement pour les d\u00e9butants.<\/strong><br \/>\n<strong>Le maintien du Fonds Logement Social (FLS) d\u2019un montant de 6\u00a0667 K<\/strong><strong>\u20ac pour 2023. Ce budget a pour destination l\u2019achat de r\u00e9servations de logements sociaux pour les postiers aupr\u00e8s des bailleurs sociaux.<\/strong><strong><\/strong><\/p>\n<p class=\"has-danger-color has-text-color\"><strong>LA CFTC DEMANDE :<\/strong><\/p>\n<p><strong>Une r\u00e9flexion sur le logement\u00a0 des postiers dans chaque projet de r\u00e9organisation impliquant une mobilit\u00e9 g\u00e9ographique.<\/strong><br \/>\n<strong>L\u2019int\u00e9gration du logement au processus de recrutement, afin que chaque nouvel arrivant ait une solution d\u2019h\u00e9bergement. L\u2019attractivit\u00e9 des m\u00e9tiers de La Poste passe aussi par le logement.<\/strong><br \/>\n<strong>Une r\u00e9flexion sp\u00e9cifique et des solutions adapt\u00e9es sur les zones en tension\u00a0: IDF, m\u00e9tropoles, zones frontali\u00e8res, DROM,\u2026<\/strong><br \/>\n<strong>Un accompagnement syst\u00e9matique des coll\u00e8gues en mobilit\u00e9 g\u00e9ographique, en prenant en compte la dimension familiale, afin de faciliter l\u2019arriv\u00e9e et l\u2019int\u00e9gration sur le nouveau lieu de travail.<\/strong><\/p>\n<div class=\"wp-block-image\">\n<\/div>\n<p><strong>LA CFTC S\u2019ENGAGE POUR LE LOGEMENT DES POSTIERS !<\/strong><\/p>\n<p>En signant cet avenant, la CFTC permet de prolonger en 2023 les mesures de l\u2019accord sur la politique sociale du Logement \u00e0 La Poste 2020-2022\u00a0:<\/p>\n<p>\u2013 Participation de La Poste aux frais de logement des postiers d\u00e9butants. Tous les d\u00e9butants en CDI, titulaires d\u2019un bail dans le cas de la location, ou payant des mensualit\u00e9s de remboursement dans le cadre de l\u2019accession \u00e0 la propri\u00e9t\u00e9, peuvent b\u00e9n\u00e9ficier d\u2019aides au logement. Ces aides sont vers\u00e9es mensuellement avec le salaire, pendant 18 mois.<\/p>\n<p>\u2013 H\u00e9bergement temporaire en r\u00e9sidence, en attendant de trouver un logement stable, pour les d\u00e9butants CDD, CDI ou contrats en alternance.<\/p>\n<p>\u2013 Facilitation de l\u2019acc\u00e8s au logement social, au logement priv\u00e9 et \u00e0 l\u2019accession \u00e0 la propri\u00e9t\u00e9.<\/p>\n<p>\u2013 Recherche et adaptation de solutions logement en vue de la retraite.<\/p>\n<p>\u2013 Soutien des postiers en difficult\u00e9 (aides financi\u00e8res, h\u00e9bergement temporaire\u2026). \u2013 Assistance en cas de mobilit\u00e9 g\u00e9ographique, via le dispositif Mobili-Pass.\u00a0Par l\u2019aide au financement d\u2019un nouveau logement en location dans le secteur priv\u00e9 (Mobili-Pass) et pr\u00eat pour financer les frais induits par la mobilit\u00e9 ex\u00a0: frais d\u2019agence.<\/p>\n<p>L\u2019article <a href=\"https:\/\/www.cftcmediaplus.fr\/postes\/la-cftc-signe-la-prolongation-de-laccord-de-logement\/\">LA CFTC SIGNE LA PROLONGATION DE L\u2019ACCORD DE LOGEMENT<\/a> est apparu en premier sur <a href=\"https:\/\/www.cftcmediaplus.fr\/\">CFTC Media Plus<\/a>.<\/p>\n","protected":false},"excerpt":{"rendered":"<p>LA CFTC A OBTENU : Une revalorisation de 3% sur les aides financi\u00e8res au logement pour les d\u00e9butants. Le maintien du Fonds Logement Social (FLS) d\u2019un montant de 6\u00a0667 K\u20ac pour 2023. Ce budget a pour destination l\u2019achat de r\u00e9servations de logements sociaux pour les postiers aupr\u00e8s des bailleurs sociaux. LA CFTC DEMANDE : Une [&hellip;]<\/p>\n","protected":false},"author":0,"featured_media":0,"comment_status":"open","ping_status":"open","sticky":false,"template":"","format":"standard","meta":[],"categories":[1],"tags":[],"_links":{"self":[{"href":"https:\/\/cftc-syntec.fr\/testimport\/wp-json\/wp\/v2\/posts\/4686"}],"collection":[{"href":"https:\/\/cftc-syntec.fr\/testimport\/wp-json\/wp\/v2\/posts"}],"about":[{"href":"https:\/\/cftc-syntec.fr\/testimport\/wp-json\/wp\/v2\/types\/post"}],"replies":[{"embeddable":true,"href":"https:\/\/cftc-syntec.fr\/testimport\/wp-json\/wp\/v2\/comments?post=4686"}],"version-history":[{"count":0,"href":"https:\/\/cftc-syntec.fr\/testimport\/wp-json\/wp\/v2\/posts\/4686\/revisions"}],"wp:attachment":[{"href":"https:\/\/cftc-syntec.fr\/testimport\/wp-json\/wp\/v2\/media?parent=4686"}],"wp:term":[{"taxonomy":"category","embeddable":true,"href":"https:\/\/cftc-syntec.fr\/testimport\/wp-json\/wp\/v2\/categories?post=4686"},{"taxonomy":"post_tag","embeddable":true,"href":"https:\/\/cftc-syntec.fr\/testimport\/wp-json\/wp\/v2\/tags?post=4686"}],"curies":[{"name":"wp","href":"https:\/\/api.w.org\/{rel}","templated":true}]}}