{"id":4695,"date":"2023-04-07T12:13:44","date_gmt":"2023-04-07T10:13:44","guid":{"rendered":"https:\/\/cftc-syntec.fr\/testimport\/communique-de-presse-de-lintersyndicale-a-matignon\/"},"modified":"2023-04-07T12:13:44","modified_gmt":"2023-04-07T10:13:44","slug":"communique-de-presse-de-lintersyndicale-a-matignon","status":"publish","type":"post","link":"https:\/\/cftc-syntec.fr\/testimport\/communique-de-presse-de-lintersyndicale-a-matignon\/","title":{"rendered":"Communiqu\u00e9 de presse de l\u2019intersyndicale \u00e0 Matignon"},"content":{"rendered":"<p>Soutenues par des millions de travailleuses et travailleurs mobilis\u00e9s depuis bient\u00f4t 3 mois dans toute<br \/>la France pour le retrait de la r\u00e9forme des retraites, nos 8 organisations syndicales ont \u00e9t\u00e9 re\u00e7ues ce<br \/>jour par la Premi\u00e8re ministre.<\/p>\n<p>A cette occasion, nous lui avons une fois de plus redit combien sa r\u00e9forme est aussi injuste que brutale !<br \/>Injuste parce qu\u2019elle aggrave les in\u00e9galit\u00e9s d\u00e9j\u00e0 pr\u00e9sentes dans le syst\u00e8me actuel. Brutale parce<br \/>qu\u2019aucune urgence, pas m\u00eame comptable, ne justifiait d\u2019aller ainsi au pas de course et d\u2019escamoter la<br \/>consultation des partenaires sociaux. A aucun moment, nos propositions alternatives de financement<br \/>n\u2019ont \u00e9t\u00e9 prises au s\u00e9rieux. Quant au processus parlementaire, on sait \u00e0 quel vice d\u00e9mocratique a<br \/>conduit le refus de le mener \u00e0 son terme.<\/p>\n<p>A la crise sociale, s\u2019ajoute aujourd\u2019hui la crise d\u00e9mocratique ! Nos concitoyens qui ont tr\u00e8s largement<br \/>et tr\u00e8s pacifiquement exprim\u00e9 leur opposition \u00e0 cette r\u00e9forme ne comprendraient pas que leur<br \/>mobilisation et, \u00e0 travers elle, leur parole soit ignor\u00e9e. Nous avons donc redit \u00e0 la Premi\u00e8re ministre<br \/>qu\u2019il ne saurait y avoir d\u2019autres issues d\u00e9mocratiques que le retrait du texte.<\/p>\n<p>La Premi\u00e8re ministre a r\u00e9pondu qu\u2019elle souhaitait maintenir son texte. Une d\u00e9cision grave. Cette<br \/>r\u00e9forme est refus\u00e9e par la quasi-totalit\u00e9 de la population. Il faut la retirer. Nous refusons de tourner la<br \/>page et d\u2019ouvrir, comme le propose le gouvernement, d\u2019autres s\u00e9quences de concertation sur des<br \/>dossiers aussi divers que le plein emploi ou le partage des richesses.<\/p>\n<p>Chacune de nos organisations, sur chacun des dossiers sugg\u00e9r\u00e9s, pourra formuler le moment venu des<br \/>propositions de nature \u00e0 am\u00e9liorer l\u2019existence de nos concitoyens. Mais le moment n\u2019est pas venu !<br \/>La vie des travailleuses et travailleurs que nous repr\u00e9sentons et que nous d\u00e9fendons n\u2019est pas<br \/>r\u00e9ductible \u00e0 un encha\u00eenement de s\u00e9quences. Le report \u00e0 64 ans de l\u2019\u00e2ge l\u00e9gal de d\u00e9part en retraite<br \/>aura sur la vie de nos concitoyens, sur leur sant\u00e9, sur leurs projets des cons\u00e9quences tr\u00e8s concr\u00e8tes.<br \/>C\u2019est pourquoi nous ne retournerons pas \u00e0 la table des concertations comme si de rien n\u2019\u00e9tait et<br \/>appelons une fois encore au retrait pur et simple du texte.<\/p>\n<p>Nous en appelons \u00e0 la sagesse du conseil constitutionnel qui doit entendre la juste col\u00e8re des<br \/>travailleuses et travailleurs. Enfin, nous appelons ces derniers \u00e0 se joindre massivement aux nombreux<br \/>cort\u00e8ges qui d\u00e9fileront demain \u00e0 Paris et dans toute la France pour dire une onzi\u00e8me fois NON \u00e0 cette<br \/>r\u00e9forme injuste et brutale !<\/p>\n<p>L\u2019article <a href=\"https:\/\/www.cftcmediaplus.fr\/federation\/communique-de-presse-de-lintersyndicale-a-matignon\/\">Communiqu\u00e9 de presse de l\u2019intersyndicale \u00e0 Matignon<\/a> est apparu en premier sur <a href=\"https:\/\/www.cftcmediaplus.fr\/\">CFTC Media Plus<\/a>.<\/p>\n","protected":false},"excerpt":{"rendered":"<p>Soutenues par des millions de travailleuses et travailleurs mobilis\u00e9s depuis bient\u00f4t 3 mois dans toutela France pour le retrait de la r\u00e9forme des retraites, nos 8 organisations syndicales ont \u00e9t\u00e9 re\u00e7ues cejour par la Premi\u00e8re ministre. A cette occasion, nous lui avons une fois de plus redit combien sa r\u00e9forme est aussi injuste que brutale [&hellip;]<\/p>\n","protected":false},"author":0,"featured_media":0,"comment_status":"open","ping_status":"open","sticky":false,"template":"","format":"standard","meta":[],"categories":[1],"tags":[],"_links":{"self":[{"href":"https:\/\/cftc-syntec.fr\/testimport\/wp-json\/wp\/v2\/posts\/4695"}],"collection":[{"href":"https:\/\/cftc-syntec.fr\/testimport\/wp-json\/wp\/v2\/posts"}],"about":[{"href":"https:\/\/cftc-syntec.fr\/testimport\/wp-json\/wp\/v2\/types\/post"}],"replies":[{"embeddable":true,"href":"https:\/\/cftc-syntec.fr\/testimport\/wp-json\/wp\/v2\/comments?post=4695"}],"version-history":[{"count":0,"href":"https:\/\/cftc-syntec.fr\/testimport\/wp-json\/wp\/v2\/posts\/4695\/revisions"}],"wp:attachment":[{"href":"https:\/\/cftc-syntec.fr\/testimport\/wp-json\/wp\/v2\/media?parent=4695"}],"wp:term":[{"taxonomy":"category","embeddable":true,"href":"https:\/\/cftc-syntec.fr\/testimport\/wp-json\/wp\/v2\/categories?post=4695"},{"taxonomy":"post_tag","embeddable":true,"href":"https:\/\/cftc-syntec.fr\/testimport\/wp-json\/wp\/v2\/tags?post=4695"}],"curies":[{"name":"wp","href":"https:\/\/api.w.org\/{rel}","templated":true}]}}