{"id":4698,"date":"2023-04-12T10:15:13","date_gmt":"2023-04-12T08:15:13","guid":{"rendered":"https:\/\/cftc-syntec.fr\/testimport\/adhesions-aux-syndicats-a-la-hausse-boostees-par-le-mouvement-social\/"},"modified":"2023-04-12T10:15:13","modified_gmt":"2023-04-12T08:15:13","slug":"adhesions-aux-syndicats-a-la-hausse-boostees-par-le-mouvement-social","status":"publish","type":"post","link":"https:\/\/cftc-syntec.fr\/testimport\/adhesions-aux-syndicats-a-la-hausse-boostees-par-le-mouvement-social\/","title":{"rendered":"Adh\u00e9sions aux syndicats \u00e0 la hausse, boost\u00e9es par le mouvement social"},"content":{"rendered":"<p>Cet article <a href=\"https:\/\/www.cftc.fr\/espace-presse\/cftc-dans-les-medias\/adhesions-aux-syndicats-a-la-hausse-boostees-par-le-mouvement-social\">Adh\u00e9sions aux syndicats \u00e0 la hausse, boost\u00e9es par le mouvement social<\/a> est apparu en premier sur <a href=\"https:\/\/www.cftc.fr\/\">CFTC<\/a>.<\/p>\n","protected":false},"excerpt":{"rendered":"<p>Cet article Adh\u00e9sions aux syndicats \u00e0 la hausse, boost\u00e9es par le mouvement social est apparu en premier sur CFTC.<\/p>\n","protected":false},"author":0,"featured_media":0,"comment_status":"open","ping_status":"open","sticky":false,"template":"","format":"standard","meta":[],"categories":[1],"tags":[],"_links":{"self":[{"href":"https:\/\/cftc-syntec.fr\/testimport\/wp-json\/wp\/v2\/posts\/4698"}],"collection":[{"href":"https:\/\/cftc-syntec.fr\/testimport\/wp-json\/wp\/v2\/posts"}],"about":[{"href":"https:\/\/cftc-syntec.fr\/testimport\/wp-json\/wp\/v2\/types\/post"}],"replies":[{"embeddable":true,"href":"https:\/\/cftc-syntec.fr\/testimport\/wp-json\/wp\/v2\/comments?post=4698"}],"version-history":[{"count":0,"href":"https:\/\/cftc-syntec.fr\/testimport\/wp-json\/wp\/v2\/posts\/4698\/revisions"}],"wp:attachment":[{"href":"https:\/\/cftc-syntec.fr\/testimport\/wp-json\/wp\/v2\/media?parent=4698"}],"wp:term":[{"taxonomy":"category","embeddable":true,"href":"https:\/\/cftc-syntec.fr\/testimport\/wp-json\/wp\/v2\/categories?post=4698"},{"taxonomy":"post_tag","embeddable":true,"href":"https:\/\/cftc-syntec.fr\/testimport\/wp-json\/wp\/v2\/tags?post=4698"}],"curies":[{"name":"wp","href":"https:\/\/api.w.org\/{rel}","templated":true}]}}