{"id":4711,"date":"2023-04-22T11:24:19","date_gmt":"2023-04-22T09:24:19","guid":{"rendered":"https:\/\/cftc-syntec.fr\/testimport\/le-point-sur-le-projet-de-reforme-et-les-propositions-cftc\/"},"modified":"2023-04-22T11:24:19","modified_gmt":"2023-04-22T09:24:19","slug":"le-point-sur-le-projet-de-reforme-et-les-propositions-cftc","status":"publish","type":"post","link":"https:\/\/cftc-syntec.fr\/testimport\/le-point-sur-le-projet-de-reforme-et-les-propositions-cftc\/","title":{"rendered":"LE POINT SUR LE PROJET DE R\u00c9FORME ET LES PROPOSITIONS CFTC"},"content":{"rendered":"<p class=\"has-light-background-color has-background\">Le gouvernement a pr\u00e9sent\u00e9 le 23 janvier 2023 son projet de r\u00e9forme des retraites en conseil des ministres, apr\u00e8s le passage du texte \u00e0 l\u2019Assembl\u00e9e nationale et au S\u00e9nat, une version d\u00e9finitive a \u00e9t\u00e9 adopt\u00e9e en Commission Mixte Paritaire. Nous \u00e9num\u00e9rons pour vous les diff\u00e9rentes mesures du projet initial, celles du texte issu de la Commission Mixte Paritaire ainsi que les propositions de la CFTC.<br \/>Toujours pr\u00eate au dialogue, la CFTC d\u00e9nonce un syst\u00e8me injuste et se mobilise aux c\u00f4t\u00e9s des autres organisations syndicales pour faire valoir d\u2019autres propositions plus \u00e9quitables pour les salari\u00e9s<\/p>\n<\/p>\n<p>L\u2019article <a href=\"https:\/\/www.cftcmediaplus.fr\/federation\/le-point-sur-le-projet-de-reforme-et-les-propositions-cftc\/\">LE POINT SUR LE PROJET DE R\u00c9FORME ET LES PROPOSITIONS CFTC<\/a> est apparu en premier sur <a href=\"https:\/\/www.cftcmediaplus.fr\/\">CFTC Media Plus<\/a>.<\/p>\n","protected":false},"excerpt":{"rendered":"<p>Le gouvernement a pr\u00e9sent\u00e9 le 23 janvier 2023 son projet de r\u00e9forme des retraites en conseil des ministres, apr\u00e8s le passage du texte \u00e0 l\u2019Assembl\u00e9e nationale et au S\u00e9nat, une version d\u00e9finitive a \u00e9t\u00e9 adopt\u00e9e en Commission Mixte Paritaire. Nous \u00e9num\u00e9rons pour vous les diff\u00e9rentes mesures du projet initial, celles du texte issu de la [&hellip;]<\/p>\n","protected":false},"author":0,"featured_media":0,"comment_status":"open","ping_status":"open","sticky":false,"template":"","format":"standard","meta":[],"categories":[1],"tags":[],"_links":{"self":[{"href":"https:\/\/cftc-syntec.fr\/testimport\/wp-json\/wp\/v2\/posts\/4711"}],"collection":[{"href":"https:\/\/cftc-syntec.fr\/testimport\/wp-json\/wp\/v2\/posts"}],"about":[{"href":"https:\/\/cftc-syntec.fr\/testimport\/wp-json\/wp\/v2\/types\/post"}],"replies":[{"embeddable":true,"href":"https:\/\/cftc-syntec.fr\/testimport\/wp-json\/wp\/v2\/comments?post=4711"}],"version-history":[{"count":0,"href":"https:\/\/cftc-syntec.fr\/testimport\/wp-json\/wp\/v2\/posts\/4711\/revisions"}],"wp:attachment":[{"href":"https:\/\/cftc-syntec.fr\/testimport\/wp-json\/wp\/v2\/media?parent=4711"}],"wp:term":[{"taxonomy":"category","embeddable":true,"href":"https:\/\/cftc-syntec.fr\/testimport\/wp-json\/wp\/v2\/categories?post=4711"},{"taxonomy":"post_tag","embeddable":true,"href":"https:\/\/cftc-syntec.fr\/testimport\/wp-json\/wp\/v2\/tags?post=4711"}],"curies":[{"name":"wp","href":"https:\/\/api.w.org\/{rel}","templated":true}]}}