{"id":4718,"date":"2023-04-28T16:10:44","date_gmt":"2023-04-28T14:10:44","guid":{"rendered":"https:\/\/cftc-syntec.fr\/testimport\/secabilite-flexibilite-difficile-de-sy-retrouver\/"},"modified":"2023-04-28T16:10:44","modified_gmt":"2023-04-28T14:10:44","slug":"secabilite-flexibilite-difficile-de-sy-retrouver","status":"publish","type":"post","link":"https:\/\/cftc-syntec.fr\/testimport\/secabilite-flexibilite-difficile-de-sy-retrouver\/","title":{"rendered":"S\u00c9CABILIT\u00c9, FLEXIBILIT\u00c9 DIFFICILE DE S\u2019Y RETROUVER !"},"content":{"rendered":"<p class=\"has-danger-color has-text-color\"><a><\/a><a><\/a><a><strong>CE QUE NOUS AVONS OBTENU :<\/strong><\/a><\/p>\n<p><strong>Un cadrage de la s\u00e9cabilit\u00e9 inopin\u00e9e \u00e0 30 jours maximum<\/strong><\/p>\n<p><strong>Des journ\u00e9es de s\u00e9cabilit\u00e9 inopin\u00e9e suppl\u00e9mentaires fix\u00e9es \u00e0 10 jours sur la base du volontariat<\/strong><\/p>\n<p><strong>Une prime de 8 euros pour toute journ\u00e9e de s\u00e9cabilit\u00e9 inopin\u00e9e suppl\u00e9mentaire<\/strong><\/p>\n<p><strong>Un affichage visible des plans de production en amont sur tous les sites <\/strong><strong><\/strong><\/p>\n<p class=\"has-danger-color has-text-color\"><strong>CE QUE NOUS N\u2019ACCEPTERONS PAS :<\/strong><\/p>\n<p><strong>Une absence de transparence dans le d\u00e9compte des jours de s\u00e9cabilit\u00e9. Le suivi de la s\u00e9cable inopin\u00e9e doit \u00eatre disponible aupr\u00e8s du manager et sur Facteo en mai au plus tard\u00a0<\/strong><br \/>\n<strong>Une absence de communication quant au vieillissement de l\u2019organisation <\/strong><\/p>\n<p><strong>Une utilisation des journ\u00e9es d\u00e9rogatoires aux plans de production ne respectant pas l\u2019accord sign\u00e9 par la CFTC<\/strong><\/p>\n<p><strong>FAISONS LE POINT\u00a0!<\/strong><\/p>\n<p>La CFTC s\u2019est engag\u00e9e dans l\u2019accord distribution 2022 sur un nombre de jours de s\u00e9cables inopin\u00e9es s\u2019\u00e9levant \u00e0 30 jours maximum.<\/p>\n<p>Le souci est qu\u2019entre les secteurs d\u2019ajustement, le vieillissement de l\u2019organisation, la s\u00e9cable structurelle et inscrite dans le comit\u00e9 technique d\u2019organisation, et \u00e0 pr\u00e9sent les journ\u00e9es d\u00e9rogatoires aux plans de production, il n\u2019est vraiment pas simple de tout maitriser\u00a0!<\/p>\n<p>Rappelons-nous cependant qu\u2019une s\u00e9cable inopin\u00e9e ne peut en aucun cas \u00eatre programm\u00e9e\u00a0! De m\u00eame, ces jours de s\u00e9cable inopin\u00e9e ne peuvent d\u00e9passer 2 jours cons\u00e9cutifs maximum\u00a0!<\/p>\n<p>Il est donc important pour toute factrice ou facteur de comptabiliser son nombre de journ\u00e9es effectu\u00e9es \u00e0 titre individuel. En effet, la s\u00e9cabilit\u00e9 inopin\u00e9e se comptabilise par agent et non par \u00e9quipe\u00a0!<\/p>\n<p>Les journ\u00e9es de s\u00e9cabilit\u00e9 structurelle, embarqu\u00e9es dans les comit\u00e9s techniques d\u2019organisation, sont\u00a0 d\u00e9termin\u00e9es \u00e0 l\u2019avance. Elles ne peuvent donc pas \u00eatre d\u00e9cal\u00e9es !<\/p>\n<p>\u00c0 cette s\u00e9cabilit\u00e9 structurelle s\u2019ajoute progressivement les journ\u00e9es d\u00e9rogatoires aux plans de production, inclus dans l\u2019accord 2022. Ces plans de production doivent \u00eatre pr\u00e9sent\u00e9s un mois \u00e0 l\u2019avance aux organisations syndicales signataires\u00a0!<\/p>\n<p>Enfin, flexibilit\u00e9 suppl\u00e9mentaire dans certaines r\u00e9gions\u00a0: le vieillissement de l\u2019organisation bas\u00e9 sur la baisse d\u2019activit\u00e9, avec des journ\u00e9es de s\u00e9cabilit\u00e9 suppl\u00e9mentaires, correspondant aux baisses de trafic officielles.<\/p>\n<p>L\u2019article <a href=\"https:\/\/www.cftcmediaplus.fr\/postes\/secabilite-flexibilite-difficile-de-sy-retrouver\/\">S\u00c9CABILIT\u00c9, FLEXIBILIT\u00c9 DIFFICILE DE S\u2019Y RETROUVER !<\/a> est apparu en premier sur <a href=\"https:\/\/www.cftcmediaplus.fr\/\">CFTC Media Plus<\/a>.<\/p>\n","protected":false},"excerpt":{"rendered":"<p>CE QUE NOUS AVONS OBTENU : Un cadrage de la s\u00e9cabilit\u00e9 inopin\u00e9e \u00e0 30 jours maximum Des journ\u00e9es de s\u00e9cabilit\u00e9 inopin\u00e9e suppl\u00e9mentaires fix\u00e9es \u00e0 10 jours sur la base du volontariat Une prime de 8 euros pour toute journ\u00e9e de s\u00e9cabilit\u00e9 inopin\u00e9e suppl\u00e9mentaire Un affichage visible des plans de production en amont sur tous les [&hellip;]<\/p>\n","protected":false},"author":0,"featured_media":0,"comment_status":"open","ping_status":"open","sticky":false,"template":"","format":"standard","meta":[],"categories":[1],"tags":[],"_links":{"self":[{"href":"https:\/\/cftc-syntec.fr\/testimport\/wp-json\/wp\/v2\/posts\/4718"}],"collection":[{"href":"https:\/\/cftc-syntec.fr\/testimport\/wp-json\/wp\/v2\/posts"}],"about":[{"href":"https:\/\/cftc-syntec.fr\/testimport\/wp-json\/wp\/v2\/types\/post"}],"replies":[{"embeddable":true,"href":"https:\/\/cftc-syntec.fr\/testimport\/wp-json\/wp\/v2\/comments?post=4718"}],"version-history":[{"count":0,"href":"https:\/\/cftc-syntec.fr\/testimport\/wp-json\/wp\/v2\/posts\/4718\/revisions"}],"wp:attachment":[{"href":"https:\/\/cftc-syntec.fr\/testimport\/wp-json\/wp\/v2\/media?parent=4718"}],"wp:term":[{"taxonomy":"category","embeddable":true,"href":"https:\/\/cftc-syntec.fr\/testimport\/wp-json\/wp\/v2\/categories?post=4718"},{"taxonomy":"post_tag","embeddable":true,"href":"https:\/\/cftc-syntec.fr\/testimport\/wp-json\/wp\/v2\/tags?post=4718"}],"curies":[{"name":"wp","href":"https:\/\/api.w.org\/{rel}","templated":true}]}}