{"id":4719,"date":"2023-04-28T18:20:00","date_gmt":"2023-04-28T16:20:00","guid":{"rendered":"https:\/\/cftc-syntec.fr\/testimport\/le-comhiso-met-son-histoire-et-ses-espoirs-en-video\/"},"modified":"2023-04-28T18:20:00","modified_gmt":"2023-04-28T16:20:00","slug":"le-comhiso-met-son-histoire-et-ses-espoirs-en-video","status":"publish","type":"post","link":"https:\/\/cftc-syntec.fr\/testimport\/le-comhiso-met-son-histoire-et-ses-espoirs-en-video\/","title":{"rendered":"LE COMHISO MET SON HISTOIRE ET SES ESPOIRS EN VID\u00c9O"},"content":{"rendered":"<p class=\"has-background\">En 2022, le COMHISO (COMit\u00e9 d\u2019HIstoire SOciale de la F\u00e9d\u00e9ration CFTC Media+) a relanc\u00e9 le recueil de t\u00e9moignages d\u2019anciens militants ou dirigeants de la F\u00e9d\u00e9ration Media+. Six vid\u00e9os sont d\u00e9j\u00e0 en ligne, d\u2019autres sont en pr\u00e9paration.<\/p>\n<p>Lors du congr\u00e8s f\u00e9d\u00e9ral de Ronce-les-Bains et du congr\u00e8s conf\u00e9d\u00e9ral de Marseille, en 2019, \u00e0 l\u2019occasion du centenaire de la CFTC, le COMHISO avait pr\u00e9sent\u00e9 une vid\u00e9o. Puis, la crise sanitaire est survenue, et les travaux ont du \u00eatre temporairement suspendus. Fin 2021, l\u2019assembl\u00e9e g\u00e9n\u00e9rale du COMHISO a mis en place une nouvelle \u00e9quipe qui s\u2019est mise au travail d\u00e9but 2022.<\/p>\n<p>En 2022, six \u00e9pisodes vid\u00e9o ont \u00e9t\u00e9 mis en ligne sur le site f\u00e9d\u00e9ral <a href=\"https:\/\/www.cftcmediaplus.fr\/comhiso-comite-dhistoire-sociale\/\">www.cftcmediaplus.fr\/comhiso-comite-dhistoire-sociale<\/a> et sur le site de Vartele <a href=\"https:\/\/www.cftcmediaplus.fr\/comhiso-comite-dhistoire-sociale\/\">www.vartv.fr<\/a> Ces vid\u00e9os proposent, sous forme de plateau, des t\u00e9moignages pr\u00e9cieux. Elles nous rappellent les luttes et les combats auxquels la CFTC a particip\u00e9 ainsi que les contributions majeures de la CFTC pour s\u2019adapter aux \u00e9volutions.<\/p>\n<p class=\"has-background\">En 2023, le COMHISO va publier de nouveaux \u00e9pisodes que vous retrouverez sur le site internet de la f\u00e9d\u00e9ration. Vous pouvez contribuer en adh\u00e9rant au COMHISO, en t\u00e9moignant ou en partageant des documents. Pour nous contacter : comhiso@cftcmediaplus.fr <\/p>\n<p class=\"has-background\">Le pass\u00e9 nourrit l\u2019avenir.<\/p>\n<p>L\u2019article <a href=\"https:\/\/www.cftcmediaplus.fr\/federation\/le-comhiso-met-son-histoire-et-ses-espoirs-en-video\/\">LE COMHISO MET SON HISTOIRE ET SES ESPOIRS EN VID\u00c9O<\/a> est apparu en premier sur <a href=\"https:\/\/www.cftcmediaplus.fr\/\">CFTC Media Plus<\/a>.<\/p>\n","protected":false},"excerpt":{"rendered":"<p>En 2022, le COMHISO (COMit\u00e9 d\u2019HIstoire SOciale de la F\u00e9d\u00e9ration CFTC Media+) a relanc\u00e9 le recueil de t\u00e9moignages d\u2019anciens militants ou dirigeants de la F\u00e9d\u00e9ration Media+. Six vid\u00e9os sont d\u00e9j\u00e0 en ligne, d\u2019autres sont en pr\u00e9paration. Lors du congr\u00e8s f\u00e9d\u00e9ral de Ronce-les-Bains et du congr\u00e8s conf\u00e9d\u00e9ral de Marseille, en 2019, \u00e0 l\u2019occasion du centenaire de [&hellip;]<\/p>\n","protected":false},"author":0,"featured_media":0,"comment_status":"open","ping_status":"open","sticky":false,"template":"","format":"standard","meta":[],"categories":[1],"tags":[],"_links":{"self":[{"href":"https:\/\/cftc-syntec.fr\/testimport\/wp-json\/wp\/v2\/posts\/4719"}],"collection":[{"href":"https:\/\/cftc-syntec.fr\/testimport\/wp-json\/wp\/v2\/posts"}],"about":[{"href":"https:\/\/cftc-syntec.fr\/testimport\/wp-json\/wp\/v2\/types\/post"}],"replies":[{"embeddable":true,"href":"https:\/\/cftc-syntec.fr\/testimport\/wp-json\/wp\/v2\/comments?post=4719"}],"version-history":[{"count":0,"href":"https:\/\/cftc-syntec.fr\/testimport\/wp-json\/wp\/v2\/posts\/4719\/revisions"}],"wp:attachment":[{"href":"https:\/\/cftc-syntec.fr\/testimport\/wp-json\/wp\/v2\/media?parent=4719"}],"wp:term":[{"taxonomy":"category","embeddable":true,"href":"https:\/\/cftc-syntec.fr\/testimport\/wp-json\/wp\/v2\/categories?post=4719"},{"taxonomy":"post_tag","embeddable":true,"href":"https:\/\/cftc-syntec.fr\/testimport\/wp-json\/wp\/v2\/tags?post=4719"}],"curies":[{"name":"wp","href":"https:\/\/api.w.org\/{rel}","templated":true}]}}