{"id":4724,"date":"2023-05-02T16:19:22","date_gmt":"2023-05-02T14:19:22","guid":{"rendered":"https:\/\/cftc-syntec.fr\/testimport\/intersyndicale-toujours-unis-nombreux-et-determines-pour-le-retrait-et-pour-le-progres-social\/"},"modified":"2023-05-02T16:19:22","modified_gmt":"2023-05-02T14:19:22","slug":"intersyndicale-toujours-unis-nombreux-et-determines-pour-le-retrait-et-pour-le-progres-social","status":"publish","type":"post","link":"https:\/\/cftc-syntec.fr\/testimport\/intersyndicale-toujours-unis-nombreux-et-determines-pour-le-retrait-et-pour-le-progres-social\/","title":{"rendered":"Intersyndicale : Toujours unis, nombreux et d\u00e9termin\u00e9s pour le retrait  et pour le progr\u00e8s social"},"content":{"rendered":"<h3>2,3 millions de jeunes, de salari\u00e9.es et de retrait\u00e9.e.s ont d\u00e9fil\u00e9 partout en France, faisant de ce 1 er mai 2023 un des plus importants de notre histoire sociale.<\/h3>\n<p>Cet article <a href=\"https:\/\/www.cftc.fr\/espace-presse\/intersyndicale-toujours-unis-nombreux-et-determines-pour-le-retrait-et-pour-le-progres-social\">Intersyndicale : Toujours unis, nombreux et d\u00e9termin\u00e9s pour le retrait  et pour le progr\u00e8s social<\/a> est apparu en premier sur <a href=\"https:\/\/www.cftc.fr\/\">CFTC<\/a>.<\/p>\n","protected":false},"excerpt":{"rendered":"<p>2,3 millions de jeunes, de salari\u00e9.es et de retrait\u00e9.e.s ont d\u00e9fil\u00e9 partout en France, faisant de ce 1 er mai 2023 un des plus importants de notre histoire sociale. Cet article Intersyndicale : Toujours unis, nombreux et d\u00e9termin\u00e9s pour le retrait et pour le progr\u00e8s social est apparu en premier sur CFTC.<\/p>\n","protected":false},"author":0,"featured_media":0,"comment_status":"open","ping_status":"open","sticky":false,"template":"","format":"standard","meta":[],"categories":[1],"tags":[],"_links":{"self":[{"href":"https:\/\/cftc-syntec.fr\/testimport\/wp-json\/wp\/v2\/posts\/4724"}],"collection":[{"href":"https:\/\/cftc-syntec.fr\/testimport\/wp-json\/wp\/v2\/posts"}],"about":[{"href":"https:\/\/cftc-syntec.fr\/testimport\/wp-json\/wp\/v2\/types\/post"}],"replies":[{"embeddable":true,"href":"https:\/\/cftc-syntec.fr\/testimport\/wp-json\/wp\/v2\/comments?post=4724"}],"version-history":[{"count":0,"href":"https:\/\/cftc-syntec.fr\/testimport\/wp-json\/wp\/v2\/posts\/4724\/revisions"}],"wp:attachment":[{"href":"https:\/\/cftc-syntec.fr\/testimport\/wp-json\/wp\/v2\/media?parent=4724"}],"wp:term":[{"taxonomy":"category","embeddable":true,"href":"https:\/\/cftc-syntec.fr\/testimport\/wp-json\/wp\/v2\/categories?post=4724"},{"taxonomy":"post_tag","embeddable":true,"href":"https:\/\/cftc-syntec.fr\/testimport\/wp-json\/wp\/v2\/tags?post=4724"}],"curies":[{"name":"wp","href":"https:\/\/api.w.org\/{rel}","templated":true}]}}