{"id":4734,"date":"2023-05-30T15:52:26","date_gmt":"2023-05-30T13:52:26","guid":{"rendered":"https:\/\/cftc-syntec.fr\/testimport\/grille-salariale-classe-i-et-ii\/"},"modified":"2023-05-30T15:52:26","modified_gmt":"2023-05-30T13:52:26","slug":"grille-salariale-classe-i-et-ii","status":"publish","type":"post","link":"https:\/\/cftc-syntec.fr\/testimport\/grille-salariale-classe-i-et-ii\/","title":{"rendered":"GRILLE SALARIALE CLASSE I ET II"},"content":{"rendered":"<p class=\"has-danger-color has-text-color\"><a><\/a><a><\/a><a><\/a><a><\/a><a><strong>Bon \u00e0 savoir :<\/strong><\/a><\/p>\n<p>Les salari\u00e9s des classes I et II sont r\u00e9mun\u00e9r\u00e9s en fonction du niveau de poste tenu, selon une grille et une valeur de point assurant une progression \u00e0 l\u2019anciennet\u00e9.<\/p>\n<p><strong>\u00c9volution du salaire de base annuel.<\/strong><\/p>\n<p>Le SBA peut \u00e9voluer :<\/p>\n<p>\u2013 selon l\u2019anciennet\u00e9\u00a0;<\/p>\n<p>\u2013 \u00e0 la suite de la n\u00e9gociation annuelle obligatoire (NAO)\u00a0;<\/p>\n<p class=\"has-dark-color has-text-color\"><a>\u2013 en cas de promotion\u00a0;<\/a><\/p>\n<p>\u2013 en fonction de l\u2019\u00e9volution du SMIC pour les premi\u00e8res grilles.<\/p>\n<div class=\"wp-block-image\">\n<\/div>\n<p class=\"has-text-color\"><strong>SALAIRE DE BASE MENSUEL BRUT POUR LES SALARI\u00c9S CLASSE I ET II<\/strong><\/p>\n<p class=\"has-dark-color has-text-color\"><a>Calcul du salaire de base mensuel= (coefficient x valeur du point)<\/a> \u00f7 12<\/p>\n<p>Valeur du point au 01 avril 2023 : 53,10 \u20ac bruts<\/p>\n<p>* Les montants mensuels communiqu\u00e9s correspondent \u00e0 des valeurs indicatives<\/p>\n<p>La CFTC propose, n\u00e9gocie et s\u2019engage pour am\u00e9liorer votre r\u00e9mun\u00e9ration.<\/p>\n<p>L\u2019article <a href=\"https:\/\/www.cftcmediaplus.fr\/postes\/grille-salariale-classe-i-et-ii\/\">GRILLE SALARIALE CLASSE I ET II<\/a> est apparu en premier sur <a href=\"https:\/\/www.cftcmediaplus.fr\/\">CFTC Media Plus<\/a>.<\/p>\n","protected":false},"excerpt":{"rendered":"<p>Bon \u00e0 savoir : Les salari\u00e9s des classes I et II sont r\u00e9mun\u00e9r\u00e9s en fonction du niveau de poste tenu, selon une grille et une valeur de point assurant une progression \u00e0 l\u2019anciennet\u00e9. \u00c9volution du salaire de base annuel. Le SBA peut \u00e9voluer : \u2013 selon l\u2019anciennet\u00e9\u00a0; \u2013 \u00e0 la suite de la n\u00e9gociation annuelle [&hellip;]<\/p>\n","protected":false},"author":0,"featured_media":0,"comment_status":"open","ping_status":"open","sticky":false,"template":"","format":"standard","meta":[],"categories":[1],"tags":[],"_links":{"self":[{"href":"https:\/\/cftc-syntec.fr\/testimport\/wp-json\/wp\/v2\/posts\/4734"}],"collection":[{"href":"https:\/\/cftc-syntec.fr\/testimport\/wp-json\/wp\/v2\/posts"}],"about":[{"href":"https:\/\/cftc-syntec.fr\/testimport\/wp-json\/wp\/v2\/types\/post"}],"replies":[{"embeddable":true,"href":"https:\/\/cftc-syntec.fr\/testimport\/wp-json\/wp\/v2\/comments?post=4734"}],"version-history":[{"count":0,"href":"https:\/\/cftc-syntec.fr\/testimport\/wp-json\/wp\/v2\/posts\/4734\/revisions"}],"wp:attachment":[{"href":"https:\/\/cftc-syntec.fr\/testimport\/wp-json\/wp\/v2\/media?parent=4734"}],"wp:term":[{"taxonomy":"category","embeddable":true,"href":"https:\/\/cftc-syntec.fr\/testimport\/wp-json\/wp\/v2\/categories?post=4734"},{"taxonomy":"post_tag","embeddable":true,"href":"https:\/\/cftc-syntec.fr\/testimport\/wp-json\/wp\/v2\/tags?post=4734"}],"curies":[{"name":"wp","href":"https:\/\/api.w.org\/{rel}","templated":true}]}}