{"id":4748,"date":"2023-07-18T12:14:50","date_gmt":"2023-07-18T10:14:50","guid":{"rendered":"https:\/\/cftc-syntec.fr\/testimport\/imprimes-publicitaires-attention-a-la-casse\/"},"modified":"2023-07-18T12:14:50","modified_gmt":"2023-07-18T10:14:50","slug":"imprimes-publicitaires-attention-a-la-casse","status":"publish","type":"post","link":"https:\/\/cftc-syntec.fr\/testimport\/imprimes-publicitaires-attention-a-la-casse\/","title":{"rendered":"IMPRIM\u00c9S PUBLICITAIRES : ATTENTION \u00c0 LA CASSE\u00a0!"},"content":{"rendered":"<p class=\"has-danger-color has-text-color\"><a><strong>NOUS AVONS OBTENU\u00a0:<\/strong><\/a><\/p>\n<p><strong>Des r\u00e8gles tr\u00e8s pr\u00e9cises sur l\u2019emport des IP qui doivent \u00eatre communiqu\u00e9es en brief par l\u2019encadrement<\/strong><\/p>\n<p><strong>\u00a0Une v\u00e9ritable<\/strong><\/p>\n<p><strong>mesure de l\u2019activit\u00e9 de distribution de l\u2019IP<\/strong><\/p>\n<p><strong>Un accueil et une formation dignes de ce nom pour chaque M\u00e9diapostier int\u00e9grant les sites de distribution<\/strong><strong><\/strong><\/p>\n<p><strong>Une opportunit\u00e9 pour les M\u00e9diapostiers de se voir offrir un avenir \u00e0 La Poste<\/strong><\/p>\n<p class=\"has-danger-color has-text-color\"><strong>NOUS N\u2019ACCEPTERONS PAS\u00a0:<\/strong><\/p>\n<p><strong>Un accueil d\u00e9ficient de nos coll\u00e8gues M\u00e9diapostiers\u00a0 avec l\u2019absence de la ligne manag\u00e9riale pendant l\u2019\u00e9t\u00e9<\/strong><br \/>\n<strong>Une mauvaise traduction des consignes d\u2019emport et de distribution des IP qui am\u00e8nerait \u00e0 une surcharge des VAE<\/strong><br \/>\n<strong>Une utilisation des M\u00e9diapostiers comme variable d\u2019ajustement \u00a0<\/strong><\/p>\n<p class=\"has-info-color has-text-color\">Quid de la distribution de l\u2019Imprim\u00e9 Publicitaire\u00a0?<\/p>\n<p>A l\u2019heure o\u00f9 l\u2019IP perd de plus en plus de parts de march\u00e9, l\u2019inqui\u00e9tude grandit.<\/p>\n<p>Les sites de distribution de La Poste se voient confier les imprim\u00e9s publicitaires de MEDIAPOST sur certaines zones (2,4 millions de bo\u00eetes aux lettres d\u2019ici fin 2023).<\/p>\n<p>Cette distribution \u00e9tait en partie confi\u00e9e \u00e0 MEDIAPOST, mais la chute importante de l\u2019IP \u00ab\u00a0papier\u00a0\u00bb oblige la BSCC \u00e0 r\u00e9agir afin de limiter les pertes financi\u00e8res du Groupe.<\/p>\n<p>A ce titre, il est pr\u00e9vu, pour les M\u00e9diapostiers qui le souhaitent, une mise \u00e0 disposition avec des stages d\u00e9couvertes et d\u2019immersion en centres courrier pendant l\u2019\u00e9t\u00e9.<\/p>\n<p>Pour la CFTC, ces stages ne doivent pas se transformer en apport de main-d\u2019\u0153uvre mall\u00e9able \u00e0 souhait, c\u00f4t\u00e9 courrier\u00a0!<\/p>\n<p>Il est important de prendre r\u00e9ellement en compte et de mani\u00e8re pr\u00e9cise la charge suppl\u00e9mentaire de cette distribution d\u2019IP qui va impacter les facteurs sur leurs tourn\u00e9es\u00a0!<\/p>\n<p>La CFTC r\u00e9clame une v\u00e9ritable valorisation de l\u2019activit\u00e9 Imprim\u00e9s Publicitaires pour chaque postier, et des moyens de locomotion adapt\u00e9s !<\/p>\n<p>L\u2019article <a href=\"https:\/\/www.cftcmediaplus.fr\/postes\/imprimes-publicitaires-attention-a-la-casse\/\">IMPRIM\u00c9S PUBLICITAIRES : ATTENTION \u00c0 LA CASSE\u00a0!<\/a> est apparu en premier sur <a href=\"https:\/\/www.cftcmediaplus.fr\/\">CFTC Media Plus<\/a>.<\/p>\n","protected":false},"excerpt":{"rendered":"<p>NOUS AVONS OBTENU\u00a0: Des r\u00e8gles tr\u00e8s pr\u00e9cises sur l\u2019emport des IP qui doivent \u00eatre communiqu\u00e9es en brief par l\u2019encadrement \u00a0Une v\u00e9ritable mesure de l\u2019activit\u00e9 de distribution de l\u2019IP Un accueil et une formation dignes de ce nom pour chaque M\u00e9diapostier int\u00e9grant les sites de distribution Une opportunit\u00e9 pour les M\u00e9diapostiers de se voir offrir un [&hellip;]<\/p>\n","protected":false},"author":0,"featured_media":0,"comment_status":"open","ping_status":"open","sticky":false,"template":"","format":"standard","meta":[],"categories":[1],"tags":[],"_links":{"self":[{"href":"https:\/\/cftc-syntec.fr\/testimport\/wp-json\/wp\/v2\/posts\/4748"}],"collection":[{"href":"https:\/\/cftc-syntec.fr\/testimport\/wp-json\/wp\/v2\/posts"}],"about":[{"href":"https:\/\/cftc-syntec.fr\/testimport\/wp-json\/wp\/v2\/types\/post"}],"replies":[{"embeddable":true,"href":"https:\/\/cftc-syntec.fr\/testimport\/wp-json\/wp\/v2\/comments?post=4748"}],"version-history":[{"count":0,"href":"https:\/\/cftc-syntec.fr\/testimport\/wp-json\/wp\/v2\/posts\/4748\/revisions"}],"wp:attachment":[{"href":"https:\/\/cftc-syntec.fr\/testimport\/wp-json\/wp\/v2\/media?parent=4748"}],"wp:term":[{"taxonomy":"category","embeddable":true,"href":"https:\/\/cftc-syntec.fr\/testimport\/wp-json\/wp\/v2\/categories?post=4748"},{"taxonomy":"post_tag","embeddable":true,"href":"https:\/\/cftc-syntec.fr\/testimport\/wp-json\/wp\/v2\/tags?post=4748"}],"curies":[{"name":"wp","href":"https:\/\/api.w.org\/{rel}","templated":true}]}}