{"id":4751,"date":"2023-07-21T13:06:44","date_gmt":"2023-07-21T11:06:44","guid":{"rendered":"https:\/\/cftc-syntec.fr\/testimport\/periode-estivale\/"},"modified":"2023-07-21T13:06:44","modified_gmt":"2023-07-21T11:06:44","slug":"periode-estivale","status":"publish","type":"post","link":"https:\/\/cftc-syntec.fr\/testimport\/periode-estivale\/","title":{"rendered":"P\u00c9RIODE ESTIVALE"},"content":{"rendered":"<p class=\"has-danger-color has-text-color\"><a><strong>BON A SAVOIR :<\/strong><\/a><\/p>\n<p>\u2013 Un de plus que l\u2019an dernier<\/p>\n<p>\u2013 Tous les week-ends d\u2019ao\u00fbt sont concern\u00e9s<\/p>\n<p class=\"has-danger-color has-text-color\"><strong>PONT DU 15 AO<\/strong><strong>\u00db<\/strong><strong>T<\/strong><\/p>\n<p><strong>La CFTC demande des facilit\u00e9s de cong\u00e9s pour le lundi 14 ao\u00fbt,<\/strong><\/p>\n<p><strong>notamment pour les agents dont la reprise sera d\u00e9cal\u00e9e au 14<\/strong><\/p>\n<p><strong>(au lieu du mercredi 16 en p\u00e9riode normale)<\/strong><\/p>\n<p>\u2013 Personnel impact\u00e9 aussi par les week-ends d\u2019interdiction de circuler<\/p>\n<p>\u2013 Am\u00e9nagements locaux pr\u00e9vus<\/p>\n<p><a>INTERDICTIONS DE CIRCULER<\/a><\/p>\n<p>INCIDENCES DANS LES PLATES-FORMES COLIS<\/p>\n<p><a>Les samedis 15, 22 et 29 juillet ainsi que les samedis 5, 12,19 et 26 ao\u00fbt, <\/a>la circulation sera interdite pour les v\u00e9hicules de PTAC de plus de 7.5 tonnes affect\u00e9s aux transports routiers de marchandises de 7 \u00e0 19 heures sur l\u2019ensemble du r\u00e9seau routier.<\/p>\n<p><strong>Impact du d\u00e9cret\u00a0:<\/strong><\/p>\n<p>D\u2019une mani\u00e8re g\u00e9n\u00e9rale, il n\u2019y aura pas de transport LIN dans la nuit du vendredi au samedi et pas d\u2019alimentation des PFC vers les sites de livraison en direct le lundi matin.<\/p>\n<p><strong>\u2013 Organisation du lundi matin<\/strong><\/p>\n<p><em>Agents de nuit\u00a0:<\/em> dans le cadre d\u2019une organisation du lundi au vendredi pas de changement pr\u00e9vu.<\/p>\n<p><em>Agents de jour <\/em>: les agents ne seront pas en production les samedis concern\u00e9s. Les Personnels de jour concern\u00e9s se verront proposer des am\u00e9nagements d\u2019horaire en fonction de leur r\u00e9gime de travail.<\/p>\n<p><strong>\u2013 Organisation des Week-Ends<\/strong><\/p>\n<p>Pas de changement pour les agents travaillant du lundi au vendredi<\/p>\n<p><em>Pour les agents travaillant du mardi au samedi (vacation matin apr\u00e8s midi)\u00a0:<\/em> le repos habituellement situ\u00e9 sur un autre jour que le samedi sera chang\u00e9 et positionn\u00e9 le samedi de la m\u00eame semaine.<\/p>\n<p><em>Pour les organisations de travail en cycle\u00a0:<\/em> les agents se verront proposer soit de d\u00e9caler le repos dans le cycle concern\u00e9 sur un samedi soit de poser une journ\u00e9e (CA ,RC ou autres)<\/p>\n<p>L\u2019article <a href=\"https:\/\/www.cftcmediaplus.fr\/postes\/periode-estivale\/\">&lt;a&gt;&lt;strong&gt;&lt;u&gt;P&lt;\/u&gt;&lt;\/strong&gt;&lt;\/a&gt;&lt;strong&gt;&lt;u&gt;\u00c9RIODE ESTIVALE&lt;\/u&gt;&lt;\/strong&gt;<\/a> est apparu en premier sur <a href=\"https:\/\/www.cftcmediaplus.fr\/\">CFTC Media Plus<\/a>.<\/p>\n","protected":false},"excerpt":{"rendered":"<p>BON A SAVOIR : \u2013 Un de plus que l\u2019an dernier \u2013 Tous les week-ends d\u2019ao\u00fbt sont concern\u00e9s PONT DU 15 AO\u00dbT La CFTC demande des facilit\u00e9s de cong\u00e9s pour le lundi 14 ao\u00fbt, notamment pour les agents dont la reprise sera d\u00e9cal\u00e9e au 14 (au lieu du mercredi 16 en p\u00e9riode normale) \u2013 Personnel [&hellip;]<\/p>\n","protected":false},"author":0,"featured_media":0,"comment_status":"open","ping_status":"open","sticky":false,"template":"","format":"standard","meta":[],"categories":[1],"tags":[],"_links":{"self":[{"href":"https:\/\/cftc-syntec.fr\/testimport\/wp-json\/wp\/v2\/posts\/4751"}],"collection":[{"href":"https:\/\/cftc-syntec.fr\/testimport\/wp-json\/wp\/v2\/posts"}],"about":[{"href":"https:\/\/cftc-syntec.fr\/testimport\/wp-json\/wp\/v2\/types\/post"}],"replies":[{"embeddable":true,"href":"https:\/\/cftc-syntec.fr\/testimport\/wp-json\/wp\/v2\/comments?post=4751"}],"version-history":[{"count":0,"href":"https:\/\/cftc-syntec.fr\/testimport\/wp-json\/wp\/v2\/posts\/4751\/revisions"}],"wp:attachment":[{"href":"https:\/\/cftc-syntec.fr\/testimport\/wp-json\/wp\/v2\/media?parent=4751"}],"wp:term":[{"taxonomy":"category","embeddable":true,"href":"https:\/\/cftc-syntec.fr\/testimport\/wp-json\/wp\/v2\/categories?post=4751"},{"taxonomy":"post_tag","embeddable":true,"href":"https:\/\/cftc-syntec.fr\/testimport\/wp-json\/wp\/v2\/tags?post=4751"}],"curies":[{"name":"wp","href":"https:\/\/api.w.org\/{rel}","templated":true}]}}