{"id":4752,"date":"2023-07-21T15:42:03","date_gmt":"2023-07-21T13:42:03","guid":{"rendered":"https:\/\/cftc-syntec.fr\/testimport\/ligne-conseil-bancaire-changement-en-perspective\/"},"modified":"2023-07-21T15:42:03","modified_gmt":"2023-07-21T13:42:03","slug":"ligne-conseil-bancaire-changement-en-perspective","status":"publish","type":"post","link":"https:\/\/cftc-syntec.fr\/testimport\/ligne-conseil-bancaire-changement-en-perspective\/","title":{"rendered":"LIGNE CONSEIL BANCAIRE : CHANGEMENT EN PERSPECTIVE"},"content":{"rendered":"<p class=\"has-danger-color has-text-color\"><a><\/a><a><\/a><a><\/a><a><strong>Demande<\/strong><\/a><strong>s CFTC\u00a0:<\/strong><\/p>\n<p>La Force de travail en pr\u00e9sence dans les secteurs pourrait ne plus \u00eatre coh\u00e9rente avec le sch\u00e9ma propos\u00e9.\u00a0 <strong>La CFTC souhaite un accompagnement pour les CA ou CAEP qui ne souhaiteraient pas poursuivre dans cette activit\u00e9.<\/strong><\/p>\n<p><strong>Un manque de formation\u00a0:<\/strong><\/p>\n<p>Les COFIS 3.2 et COFI 3.3 qui se situent bien souvent en zone rurale ont une faible pratique de la client\u00e8le \u00e0 enjeux patrimoniale. <strong>La CFTC demande un effort de formation suppl\u00e9mentaire pour ces coll\u00e8gues.<\/strong><\/p>\n<p>Les actuels RC PART et\u00a0 les DS sont en attente forte sur le sujet.\u00a0 Des questions se poseront in\u00e9vitablement sur la r\u00e9mun\u00e9ration des DACB en attendant des mesures \u00e9ventuelles sur les N-1 des DS en secteurs. <strong>La CFTC exige la reprise des n\u00e9gociations sur les N-1 des DS<\/strong><strong>.<\/strong><\/p>\n<p class=\"has-danger-color has-text-color\"><strong>Bien que la BGPN\u00a0 s\u2019en d\u00e9fende, il y a bien des craintes d\u2019une acc\u00e9l\u00e9ration de fusion de secteurs plus ou moins li\u00e9e au sujet des DACB.<\/strong><\/p>\n<p><a><strong>DACB, CBP, CA et CAEP\u00a0?<\/strong><\/a><\/p>\n<p><strong>DACB, Directeur Adjoint Conseil Bancaire\u00a0:<\/strong><\/p>\n<p>L\u2019exp\u00e9rimentation concernant les Directeurs adjoints Conseil Bancaire est prolong\u00e9e de 6 mois.<\/p>\n<p><strong>CBP, Conseiller Bancaire de Proximit\u00e9\u00a0:<\/strong><\/p>\n<p>En mai 2023, les Gestionnaires Client\u00e8le Bancaire et les Conseillers Financiers 3.1 ont \u00e9volu\u00e9 vers la fonction de Conseiller Bancaire de Proximit\u00e9.<\/p>\n<p><strong>\u00c9volution Sch\u00e9ma \u00e0 partir du 1er janvier 2024\u00a0:<\/strong><\/p>\n<p><strong>CA, Charg\u00e9 d\u2019Affaires\u00a0:<\/strong> tous les COFI 3.2 et tous les COCLI 3.2 \u00e9volueront vers la fonction de Charg\u00e9 d\u2019Affaires.<\/p>\n<p>\u00a0\u00a0\u00a0\u00a0\u00a0\u00a0\u00a0\u00a0\u00a0\u00a0\u00a0 Leur r\u00e9mun\u00e9ration sera align\u00e9e sur celle des COCLI actuels.<\/p>\n<p>\u00a0\u00a0\u00a0\u00a0\u00a0\u00a0\u00a0\u00a0\u00a0\u00a0\u00a0 La formation est pr\u00e9vue en Espace-Temps D\u00e9veloppement.<\/p>\n<p>\u00a0\u00a0\u00a0\u00a0\u00a0\u00a0\u00a0\u00a0\u00a0\u00a0\u00a0 La mission des COCLI reste inchang\u00e9e.<\/p>\n<p><strong>CAEP, Charg\u00e9 d\u2019Affaires Expert en Patrimoine\u00a0:<\/strong> tous les COCLI 3.3 et tous les CSP \u00e9voluent vers cette nouvelle fonction.<\/p>\n<p>\u00a0\u00a0\u00a0\u00a0\u00a0\u00a0\u00a0\u00a0\u00a0\u00a0\u00a0 Leur r\u00e9mun\u00e9ration sera align\u00e9e sur celle des actuels CSP.<\/p>\n<p>\u00a0\u00a0\u00a0\u00a0\u00a0\u00a0\u00a0\u00a0\u00a0\u00a0\u00a0 Une journ\u00e9e de formation en pr\u00e9sentiel est pr\u00e9vue.<\/p>\n<p>\u00a0\u00a0\u00a0\u00a0\u00a0\u00a0\u00a0\u00a0\u00a0\u00a0\u00a0 La mission des CSP reste inchang\u00e9e.<\/p>\n<p><em>Aucune indemnit\u00e9 n\u2019est pr\u00e9vue pour les COCLI 3.2 et les CSP dont la mission reste inchang\u00e9e.<\/em><\/p>\n<p>L\u2019article <a href=\"https:\/\/www.cftcmediaplus.fr\/postes\/ligne-conseil-bancaire-changement-en-perspective\/\">LIGNE CONSEIL BANCAIRE : CHANGEMENT EN PERSPECTIVE<\/a> est apparu en premier sur <a href=\"https:\/\/www.cftcmediaplus.fr\/\">CFTC Media Plus<\/a>.<\/p>\n","protected":false},"excerpt":{"rendered":"<p>Demandes CFTC\u00a0: La Force de travail en pr\u00e9sence dans les secteurs pourrait ne plus \u00eatre coh\u00e9rente avec le sch\u00e9ma propos\u00e9.\u00a0 La CFTC souhaite un accompagnement pour les CA ou CAEP qui ne souhaiteraient pas poursuivre dans cette activit\u00e9. Un manque de formation\u00a0: Les COFIS 3.2 et COFI 3.3 qui se situent bien souvent en zone [&hellip;]<\/p>\n","protected":false},"author":0,"featured_media":0,"comment_status":"open","ping_status":"open","sticky":false,"template":"","format":"standard","meta":[],"categories":[1],"tags":[],"_links":{"self":[{"href":"https:\/\/cftc-syntec.fr\/testimport\/wp-json\/wp\/v2\/posts\/4752"}],"collection":[{"href":"https:\/\/cftc-syntec.fr\/testimport\/wp-json\/wp\/v2\/posts"}],"about":[{"href":"https:\/\/cftc-syntec.fr\/testimport\/wp-json\/wp\/v2\/types\/post"}],"replies":[{"embeddable":true,"href":"https:\/\/cftc-syntec.fr\/testimport\/wp-json\/wp\/v2\/comments?post=4752"}],"version-history":[{"count":0,"href":"https:\/\/cftc-syntec.fr\/testimport\/wp-json\/wp\/v2\/posts\/4752\/revisions"}],"wp:attachment":[{"href":"https:\/\/cftc-syntec.fr\/testimport\/wp-json\/wp\/v2\/media?parent=4752"}],"wp:term":[{"taxonomy":"category","embeddable":true,"href":"https:\/\/cftc-syntec.fr\/testimport\/wp-json\/wp\/v2\/categories?post=4752"},{"taxonomy":"post_tag","embeddable":true,"href":"https:\/\/cftc-syntec.fr\/testimport\/wp-json\/wp\/v2\/tags?post=4752"}],"curies":[{"name":"wp","href":"https:\/\/api.w.org\/{rel}","templated":true}]}}