{"id":4762,"date":"2023-08-29T10:18:18","date_gmt":"2023-08-29T08:18:18","guid":{"rendered":"https:\/\/cftc-syntec.fr\/testimport\/cest-la-rentree-2\/"},"modified":"2023-08-29T10:18:18","modified_gmt":"2023-08-29T08:18:18","slug":"cest-la-rentree-2","status":"publish","type":"post","link":"https:\/\/cftc-syntec.fr\/testimport\/cest-la-rentree-2\/","title":{"rendered":"C\u2019EST LA RENTR\u00c9E !"},"content":{"rendered":"<p class=\"has-danger-color has-text-color\"><strong>Pour en savoir plus\u00a0:<\/strong><\/p>\n<p><strong>Le CESU<\/strong> :<\/p>\n<p>En plus de ses droits individuels, le postier b\u00e9n\u00e9ficie de titres suppl\u00e9mentaires, pour chacun de ses enfants, \u00e0 la hauteur de :<\/p>\n<p>\u00a0\u2013 84 titres pr\u00e9financ\u00e9s par an jusqu\u2019au 4 ans<\/p>\n<p>\u2013 55 titres pr\u00e9financ\u00e9s par an pour entre 4 et 11 ans.<\/p>\n<p>Le pr\u00e9financement des CESU varie de 5 \u00e0 13 \u20ac en fonction du quotient familial<\/p>\n<p><strong>P\u00e9riscolarit\u00e9<\/strong>\u00a0:<\/p>\n<p>Cette aide varie en fonction de votre quotient familial.<\/p>\n<p>Le montant pris en charge varie de 27% \u00e0 45 % de la facture mensuelle, dans une limite allant de 27\u20ac \u00e0 45\u20ac par mois et par enfant.<\/p>\n<p><a><\/a><a href=\"https:\/\/www.portail-malin.com\/media\/prestations\/formulaire-de-demande-aide-la-periscolarite.pdf\"><em>T\u00e9l\u00e9chargez le formulaire sur le Portail Malin<\/em><\/a><em> et remettez-le compl\u00e9t\u00e9 \u00e0 votre service RH.<\/em><\/p>\n<p class=\"has-dark-color has-text-color\"><a><strong>Tarifs n\u00e9goci\u00e9s pour la garde d\u2019enfants\u00a0:<\/strong><\/a><\/p>\n<p>Pour aider les parents \u00e0 trouver une nourrice, le COGAS a mis en place des partenariats \u00e0 tarifs n\u00e9goci\u00e9s avec\u00a0: Kinougarde, Kangourou Kids, Work Life\u2026<\/p>\n<p><strong>Plus d\u2019infos sur\u00a0: <\/strong><a href=\"https:\/\/www.portail-malin.com\/\"><strong>https:\/\/www.portail-malin.com\/<\/strong><\/a><strong> rubrique Parentalit\u00e9<\/strong><\/p>\n<p class=\"has-danger-color has-text-color\"><strong>Pour vous connecter\u00a0:<\/strong><\/p>\n<p><strong>Identifiant : offre\u00a0\u00a0<\/strong><\/p>\n<p><strong>Mot de passe : sociale<\/strong><\/p>\n<p class=\"has-info-color has-text-color\"><strong>Allocation de scolarit\u00e9<\/strong><\/p>\n<p>Cette prestation est ouverte aux parents d\u2019enfants de moins de 27 ans du CP aux \u00e9tudes sup\u00e9rieures et soumise \u00e0 conditions de ressources. Le montant de l\u2019allocation varie suivant le niveau des \u00e9tudes suivies et le quotient familial.<\/p>\n<p>Le paiement est effectu\u00e9 en une seule fois \u00e0 compter de la rentr\u00e9e scolaire.<\/p>\n<p>Plus d\u2019infos sur\u00a0:<a><\/a><a href=\"https:\/\/www.portail-malin.com\/\">https:\/\/www.portail-malin.com\/<\/a> rubrique Parentalit\u00e9<\/p>\n<p><strong>IMPORTANT : l\u2019allocation de scolarit\u00e9 est cumulable avec l\u2019allocation de rentr\u00e9e scolaire vers\u00e9e par la CAF et peut \u00eatre vers\u00e9e r\u00e9troactivement pour deux ann\u00e9es scolaires ant\u00e9rieures (en plus de l\u2019ann\u00e9e en cours).<\/strong><\/p>\n<p class=\"has-info-color has-text-color\"><strong>Garde d\u2019enfant<\/strong><\/p>\n<p>La Poste aide les parents postiers \u00e0 financer la garde de leurs enfants jusqu\u2019\u00e0 11 ans. Deux formes de financement sont possibles\u00a0: sous forme de CESU ou par remboursement d\u2019une partie des d\u00e9penses li\u00e9es \u00e0 une garde d\u2019enfant r\u00e9mun\u00e9r\u00e9e.<\/p>\n<p>Le montant attribu\u00e9 est fonction du quotient familial et de l\u2019\u00e2ge des enfants. Il sera identique quelle que soit la modalit\u00e9 choisie.<\/p>\n<p>Pour b\u00e9n\u00e9ficier de cette aide, les postiers doivent choisir \u00e0 compter du 11 octobre de chaque ann\u00e9e civile, l\u2019un des deux modes de financement en se rendant sur l\u2019espace activit\u00e9s sociales\u00a0: <a href=\"https:\/\/eas.portail-malin.com\/\">https:\/\/eas.portail-malin.com<\/a><\/p>\n<p class=\"has-info-color has-text-color\"><strong>P\u00e9riscolarit\u00e9<\/strong><\/p>\n<p>Il est possible de b\u00e9n\u00e9ficier sous conditions de ressources d\u2019une aide partielle au financement des d\u00e9penses pour l\u2019ensemble des activit\u00e9s p\u00e9riscolaires\u00a0:<\/p>\n<p>\u2013 Les d\u00e9penses d\u2019activit\u00e9s p\u00e9riscolaires (dont l\u2019accueil au sein de l\u2019\u00e9cole \u00e0 partir de 6 ans)<\/p>\n<p>\u2013 Les frais li\u00e9s \u00e0 l\u2019accueil en centres de loisirs le mercredi hors vacances scolaires<\/p>\n<p>\u2013 Les frais de garderie p\u00e9riscolaire (accueil au sein de l\u2019\u00e9cole jusqu\u2019\u00e0 6 ans)<\/p>\n<p>L\u2019article <a href=\"https:\/\/www.cftcmediaplus.fr\/postes\/cest-la-rentree\/\">C\u2019EST LA RENTR\u00c9E !<\/a> est apparu en premier sur <a href=\"https:\/\/www.cftcmediaplus.fr\/\">CFTC Media Plus<\/a>.<\/p>\n","protected":false},"excerpt":{"rendered":"<p>Pour en savoir plus\u00a0: Le CESU : En plus de ses droits individuels, le postier b\u00e9n\u00e9ficie de titres suppl\u00e9mentaires, pour chacun de ses enfants, \u00e0 la hauteur de : \u00a0\u2013 84 titres pr\u00e9financ\u00e9s par an jusqu\u2019au 4 ans \u2013 55 titres pr\u00e9financ\u00e9s par an pour entre 4 et 11 ans. Le pr\u00e9financement des CESU varie [&hellip;]<\/p>\n","protected":false},"author":0,"featured_media":0,"comment_status":"open","ping_status":"open","sticky":false,"template":"","format":"standard","meta":[],"categories":[1],"tags":[],"_links":{"self":[{"href":"https:\/\/cftc-syntec.fr\/testimport\/wp-json\/wp\/v2\/posts\/4762"}],"collection":[{"href":"https:\/\/cftc-syntec.fr\/testimport\/wp-json\/wp\/v2\/posts"}],"about":[{"href":"https:\/\/cftc-syntec.fr\/testimport\/wp-json\/wp\/v2\/types\/post"}],"replies":[{"embeddable":true,"href":"https:\/\/cftc-syntec.fr\/testimport\/wp-json\/wp\/v2\/comments?post=4762"}],"version-history":[{"count":0,"href":"https:\/\/cftc-syntec.fr\/testimport\/wp-json\/wp\/v2\/posts\/4762\/revisions"}],"wp:attachment":[{"href":"https:\/\/cftc-syntec.fr\/testimport\/wp-json\/wp\/v2\/media?parent=4762"}],"wp:term":[{"taxonomy":"category","embeddable":true,"href":"https:\/\/cftc-syntec.fr\/testimport\/wp-json\/wp\/v2\/categories?post=4762"},{"taxonomy":"post_tag","embeddable":true,"href":"https:\/\/cftc-syntec.fr\/testimport\/wp-json\/wp\/v2\/tags?post=4762"}],"curies":[{"name":"wp","href":"https:\/\/api.w.org\/{rel}","templated":true}]}}