{"id":4772,"date":"2023-09-25T18:25:36","date_gmt":"2023-09-25T16:25:36","guid":{"rendered":"https:\/\/cftc-syntec.fr\/testimport\/assurance-chomage-un-cadrage-gouvernemental-peu-propice-a-la-reussite-des-negociations\/"},"modified":"2023-09-25T18:25:36","modified_gmt":"2023-09-25T16:25:36","slug":"assurance-chomage-un-cadrage-gouvernemental-peu-propice-a-la-reussite-des-negociations","status":"publish","type":"post","link":"https:\/\/cftc-syntec.fr\/testimport\/assurance-chomage-un-cadrage-gouvernemental-peu-propice-a-la-reussite-des-negociations\/","title":{"rendered":"Assurance ch\u00f4mage : un cadrage gouvernemental peu propice \u00e0 la r\u00e9ussite des n\u00e9gociations"},"content":{"rendered":"<p>Cet article <a href=\"https:\/\/www.cftc.fr\/actualites\/assurance-chomage-un-cadrage-gouvernemental-peu-propice-a-la-reussite-des-negociations\">Assurance ch\u00f4mage : un cadrage gouvernemental peu propice \u00e0 la r\u00e9ussite des n\u00e9gociations<\/a> est apparu en premier sur <a href=\"https:\/\/www.cftc.fr\/\">CFTC<\/a>.<\/p>\n","protected":false},"excerpt":{"rendered":"<p>Cet article Assurance ch\u00f4mage : un cadrage gouvernemental peu propice \u00e0 la r\u00e9ussite des n\u00e9gociations est apparu en premier sur CFTC.<\/p>\n","protected":false},"author":0,"featured_media":0,"comment_status":"open","ping_status":"open","sticky":false,"template":"","format":"standard","meta":[],"categories":[1],"tags":[],"_links":{"self":[{"href":"https:\/\/cftc-syntec.fr\/testimport\/wp-json\/wp\/v2\/posts\/4772"}],"collection":[{"href":"https:\/\/cftc-syntec.fr\/testimport\/wp-json\/wp\/v2\/posts"}],"about":[{"href":"https:\/\/cftc-syntec.fr\/testimport\/wp-json\/wp\/v2\/types\/post"}],"replies":[{"embeddable":true,"href":"https:\/\/cftc-syntec.fr\/testimport\/wp-json\/wp\/v2\/comments?post=4772"}],"version-history":[{"count":0,"href":"https:\/\/cftc-syntec.fr\/testimport\/wp-json\/wp\/v2\/posts\/4772\/revisions"}],"wp:attachment":[{"href":"https:\/\/cftc-syntec.fr\/testimport\/wp-json\/wp\/v2\/media?parent=4772"}],"wp:term":[{"taxonomy":"category","embeddable":true,"href":"https:\/\/cftc-syntec.fr\/testimport\/wp-json\/wp\/v2\/categories?post=4772"},{"taxonomy":"post_tag","embeddable":true,"href":"https:\/\/cftc-syntec.fr\/testimport\/wp-json\/wp\/v2\/tags?post=4772"}],"curies":[{"name":"wp","href":"https:\/\/api.w.org\/{rel}","templated":true}]}}