{"id":4773,"date":"2023-09-27T12:13:43","date_gmt":"2023-09-27T10:13:43","guid":{"rendered":"https:\/\/cftc-syntec.fr\/testimport\/securite-au-travail-comment-mieux-prevenir-les-risques-professionnels\/"},"modified":"2023-09-27T12:13:43","modified_gmt":"2023-09-27T10:13:43","slug":"securite-au-travail-comment-mieux-prevenir-les-risques-professionnels","status":"publish","type":"post","link":"https:\/\/cftc-syntec.fr\/testimport\/securite-au-travail-comment-mieux-prevenir-les-risques-professionnels\/","title":{"rendered":"S\u00e9curit\u00e9 au travail : comment mieux pr\u00e9venir les risques professionnels?"},"content":{"rendered":"<p>Cet article <a href=\"https:\/\/www.cftc.fr\/actualites\/securite-au-travail-comment-evaluer-et-prevenir-les-risques-professionnels\">S\u00e9curit\u00e9 au travail : comment mieux pr\u00e9venir les risques professionnels?<\/a> est apparu en premier sur <a href=\"https:\/\/www.cftc.fr\/\">CFTC<\/a>.<\/p>\n","protected":false},"excerpt":{"rendered":"<p>Cet article S\u00e9curit\u00e9 au travail : comment mieux pr\u00e9venir les risques professionnels? est apparu en premier sur CFTC.<\/p>\n","protected":false},"author":0,"featured_media":0,"comment_status":"open","ping_status":"open","sticky":false,"template":"","format":"standard","meta":[],"categories":[1],"tags":[],"_links":{"self":[{"href":"https:\/\/cftc-syntec.fr\/testimport\/wp-json\/wp\/v2\/posts\/4773"}],"collection":[{"href":"https:\/\/cftc-syntec.fr\/testimport\/wp-json\/wp\/v2\/posts"}],"about":[{"href":"https:\/\/cftc-syntec.fr\/testimport\/wp-json\/wp\/v2\/types\/post"}],"replies":[{"embeddable":true,"href":"https:\/\/cftc-syntec.fr\/testimport\/wp-json\/wp\/v2\/comments?post=4773"}],"version-history":[{"count":0,"href":"https:\/\/cftc-syntec.fr\/testimport\/wp-json\/wp\/v2\/posts\/4773\/revisions"}],"wp:attachment":[{"href":"https:\/\/cftc-syntec.fr\/testimport\/wp-json\/wp\/v2\/media?parent=4773"}],"wp:term":[{"taxonomy":"category","embeddable":true,"href":"https:\/\/cftc-syntec.fr\/testimport\/wp-json\/wp\/v2\/categories?post=4773"},{"taxonomy":"post_tag","embeddable":true,"href":"https:\/\/cftc-syntec.fr\/testimport\/wp-json\/wp\/v2\/tags?post=4773"}],"curies":[{"name":"wp","href":"https:\/\/api.w.org\/{rel}","templated":true}]}}