{"id":4776,"date":"2023-09-28T15:07:36","date_gmt":"2023-09-28T13:07:36","guid":{"rendered":"https:\/\/cftc-syntec.fr\/testimport\/communique-de-presse-du-14-au-17-novembre-la-cftc-tient-son-congres-a-rennes\/"},"modified":"2023-09-28T15:07:36","modified_gmt":"2023-09-28T13:07:36","slug":"communique-de-presse-du-14-au-17-novembre-la-cftc-tient-son-congres-a-rennes","status":"publish","type":"post","link":"https:\/\/cftc-syntec.fr\/testimport\/communique-de-presse-du-14-au-17-novembre-la-cftc-tient-son-congres-a-rennes\/","title":{"rendered":"Communiqu\u00e9 de presse : du 14 au 17 novembre, la CFTC tient son congr\u00e8s \u00e0 Rennes"},"content":{"rendered":"<p>Cet article <a href=\"https:\/\/www.cftc.fr\/espace-presse\/communiques-de-presse\/communique-de-presse-du-14-au-17-novembre-la-cftc-tient-son-congres-a-rennes\">Communiqu\u00e9 de presse : du 14 au 17 novembre, la CFTC tient son congr\u00e8s \u00e0 Rennes<\/a> est apparu en premier sur <a href=\"https:\/\/www.cftc.fr\/\">CFTC<\/a>.<\/p>\n","protected":false},"excerpt":{"rendered":"<p>Cet article Communiqu\u00e9 de presse : du 14 au 17 novembre, la CFTC tient son congr\u00e8s \u00e0 Rennes est apparu en premier sur CFTC.<\/p>\n","protected":false},"author":0,"featured_media":0,"comment_status":"open","ping_status":"open","sticky":false,"template":"","format":"standard","meta":[],"categories":[1],"tags":[],"_links":{"self":[{"href":"https:\/\/cftc-syntec.fr\/testimport\/wp-json\/wp\/v2\/posts\/4776"}],"collection":[{"href":"https:\/\/cftc-syntec.fr\/testimport\/wp-json\/wp\/v2\/posts"}],"about":[{"href":"https:\/\/cftc-syntec.fr\/testimport\/wp-json\/wp\/v2\/types\/post"}],"replies":[{"embeddable":true,"href":"https:\/\/cftc-syntec.fr\/testimport\/wp-json\/wp\/v2\/comments?post=4776"}],"version-history":[{"count":0,"href":"https:\/\/cftc-syntec.fr\/testimport\/wp-json\/wp\/v2\/posts\/4776\/revisions"}],"wp:attachment":[{"href":"https:\/\/cftc-syntec.fr\/testimport\/wp-json\/wp\/v2\/media?parent=4776"}],"wp:term":[{"taxonomy":"category","embeddable":true,"href":"https:\/\/cftc-syntec.fr\/testimport\/wp-json\/wp\/v2\/categories?post=4776"},{"taxonomy":"post_tag","embeddable":true,"href":"https:\/\/cftc-syntec.fr\/testimport\/wp-json\/wp\/v2\/tags?post=4776"}],"curies":[{"name":"wp","href":"https:\/\/api.w.org\/{rel}","templated":true}]}}