{"id":4779,"date":"2023-10-09T16:43:11","date_gmt":"2023-10-09T14:43:11","guid":{"rendered":"https:\/\/cftc-syntec.fr\/testimport\/communique-de-presse-la-cftc-signera-laccord-agirc-arrco\/"},"modified":"2023-10-09T16:43:11","modified_gmt":"2023-10-09T14:43:11","slug":"communique-de-presse-la-cftc-signera-laccord-agirc-arrco","status":"publish","type":"post","link":"https:\/\/cftc-syntec.fr\/testimport\/communique-de-presse-la-cftc-signera-laccord-agirc-arrco\/","title":{"rendered":"Communiqu\u00e9 de presse : La CFTC signera l\u2019accord AGIRC-ARRCO"},"content":{"rendered":"<p>Tout d\u2019abord, comme pour le dernier accord quadriennal, la CFTC se satisfait de voir l\u2019inflation prise en compte dans le calcul des pensions. Ainsi, <strong>l\u2019accord pr\u00e9voit un rel\u00e8vement des pensions de 4.9%.<\/strong><\/p>\n<p>Par ailleurs, soutenant le retour \u00e0 meilleure fortune du r\u00e9gime, la CFTC a plaid\u00e9 pour que l\u2019ANI <strong>r\u00e9interroge le syst\u00e8me de bonus\/malus, afin de tendre vers un syst\u00e8me plus avantageux pour ses affili\u00e9s<\/strong>. En effet, jusqu\u2019ici, un malus de 10% sur la pension compl\u00e9mentaire pendant 3 ans incitait fortement les salari\u00e9s \u00e0 travailler un an de plus. L\u2019accord supprime ce malus, tout en conservant le bonus !<\/p>\n<p>Les organisations repr\u00e9sentatives ont pu proposer ces avanc\u00e9es sociales, malgr\u00e9 leur co\u00fbt, g<strong>r\u00e2ce \u00e0 la pertinence de leur gestion des ann\u00e9es durant<\/strong>. Cette bonne gestion, bien que parfois impopulaire, \u00a0a permis de d\u00e9gager des exc\u00e9dents qu\u2019il convient de redistribuer \u00e0 ceux qui ont cotis\u00e9 pour les g\u00e9n\u00e9rer.<\/p>\n<p>En effet, attach\u00e9e \u00e0 la gestion paritaire de l\u2019AGIRC-ARRCO, la CFTC se satisfait de voir rappel\u00e9 dans l\u2019ANI que <strong>l\u2019int\u00e9gralit\u00e9 des ressources du r\u00e9gime de retraite compl\u00e9mentaire b\u00e9n\u00e9ficie exclusivement \u00e0 ses affili\u00e9s<\/strong>.<\/p>\n<p>Cela n\u2019emp\u00eache pas les gestionnaires du r\u00e9gime de se saisir de la question de la solidarit\u00e9 pour ses affili\u00e9s. Pour que ces derniers b\u00e9n\u00e9ficient aussi de m\u00e9canismes compl\u00e9mentaires de solidarit\u00e9 servis par l\u2019AGIRC-ARRCO, l\u2019ANI a institu\u00e9 un groupe de travail paritaire devant se r\u00e9unir d\u00e8s le premier semestre 2024, avec l\u2019objectif d\u2019en d\u00e9finir le contenu et les modalit\u00e9s.<\/p>\n<p>Enfin, la CFTC souligne et salue l\u2019\u00e9tat d\u2019esprit dans lequel ces n\u00e9gociations se sont tenues, les partenaires sociaux ayant fait la d\u00e9monstration que des accords r\u00e9sultant du dialogue social gagnants-gagnants pour toutes les parties prenantes (salari\u00e9s, retrait\u00e9s, entreprises et r\u00e9gime) sont possibles.<\/p>\n<p>Consid\u00e9rant retrouver dans l\u2019accord l\u2019essentiel de ses revendications, se refusant par ailleurs \u00e0 p\u00e9naliser les retrait\u00e9s qui ne verraient pas leurs pensions revaloris\u00e9es en cas de non signature majoritaire de l\u2019accord, <strong>la CFTC a d\u00e9cid\u00e9 de signer l\u2019ANI sur la gestion de l\u2019AGIRC-ARRCO<\/strong>.<\/p>\n<p>Cet article <a href=\"https:\/\/www.cftc.fr\/espace-presse\/communique-de-presse-la-cftc-signera-laccord-agirc-arrco\">Communiqu\u00e9 de presse : La CFTC signera l\u2019accord AGIRC-ARRCO<\/a> est apparu en premier sur <a href=\"https:\/\/www.cftc.fr\/\">CFTC<\/a>.<\/p>\n","protected":false},"excerpt":{"rendered":"<p>Tout d\u2019abord, comme pour le dernier accord quadriennal, la CFTC se satisfait de voir l\u2019inflation prise en compte dans le calcul des pensions. Ainsi, l\u2019accord pr\u00e9voit un rel\u00e8vement des pensions de 4.9%. Par ailleurs, soutenant le retour \u00e0 meilleure fortune du r\u00e9gime, la CFTC a plaid\u00e9 pour que l\u2019ANI r\u00e9interroge le syst\u00e8me de bonus\/malus, afin [&hellip;]<\/p>\n","protected":false},"author":0,"featured_media":0,"comment_status":"open","ping_status":"open","sticky":false,"template":"","format":"standard","meta":[],"categories":[1],"tags":[],"_links":{"self":[{"href":"https:\/\/cftc-syntec.fr\/testimport\/wp-json\/wp\/v2\/posts\/4779"}],"collection":[{"href":"https:\/\/cftc-syntec.fr\/testimport\/wp-json\/wp\/v2\/posts"}],"about":[{"href":"https:\/\/cftc-syntec.fr\/testimport\/wp-json\/wp\/v2\/types\/post"}],"replies":[{"embeddable":true,"href":"https:\/\/cftc-syntec.fr\/testimport\/wp-json\/wp\/v2\/comments?post=4779"}],"version-history":[{"count":0,"href":"https:\/\/cftc-syntec.fr\/testimport\/wp-json\/wp\/v2\/posts\/4779\/revisions"}],"wp:attachment":[{"href":"https:\/\/cftc-syntec.fr\/testimport\/wp-json\/wp\/v2\/media?parent=4779"}],"wp:term":[{"taxonomy":"category","embeddable":true,"href":"https:\/\/cftc-syntec.fr\/testimport\/wp-json\/wp\/v2\/categories?post=4779"},{"taxonomy":"post_tag","embeddable":true,"href":"https:\/\/cftc-syntec.fr\/testimport\/wp-json\/wp\/v2\/tags?post=4779"}],"curies":[{"name":"wp","href":"https:\/\/api.w.org\/{rel}","templated":true}]}}