{"id":4788,"date":"2023-10-26T13:03:29","date_gmt":"2023-10-26T11:03:29","guid":{"rendered":"https:\/\/cftc-syntec.fr\/testimport\/pascale-coton-evoque-la-reforme-du-conge-parental-sur-le-plateau-de-bfm-tv\/"},"modified":"2023-10-26T13:03:29","modified_gmt":"2023-10-26T11:03:29","slug":"pascale-coton-evoque-la-reforme-du-conge-parental-sur-le-plateau-de-bfm-tv","status":"publish","type":"post","link":"https:\/\/cftc-syntec.fr\/testimport\/pascale-coton-evoque-la-reforme-du-conge-parental-sur-le-plateau-de-bfm-tv\/","title":{"rendered":"Pascale Coton \u00e9voque la r\u00e9forme du cong\u00e9 parental, sur le plateau de BFM TV"},"content":{"rendered":"<p>Cet article <a href=\"https:\/\/www.cftc.fr\/espace-presse\/cftc-dans-les-medias\/reforme-du-conge-parental\">Pascale Coton \u00e9voque la r\u00e9forme du cong\u00e9 parental, sur le plateau de BFM TV<\/a> est apparu en premier sur <a href=\"https:\/\/www.cftc.fr\/\">CFTC<\/a>.<\/p>\n","protected":false},"excerpt":{"rendered":"<p>Cet article Pascale Coton \u00e9voque la r\u00e9forme du cong\u00e9 parental, sur le plateau de BFM TV est apparu en premier sur CFTC.<\/p>\n","protected":false},"author":0,"featured_media":0,"comment_status":"open","ping_status":"open","sticky":false,"template":"","format":"standard","meta":[],"categories":[1],"tags":[],"_links":{"self":[{"href":"https:\/\/cftc-syntec.fr\/testimport\/wp-json\/wp\/v2\/posts\/4788"}],"collection":[{"href":"https:\/\/cftc-syntec.fr\/testimport\/wp-json\/wp\/v2\/posts"}],"about":[{"href":"https:\/\/cftc-syntec.fr\/testimport\/wp-json\/wp\/v2\/types\/post"}],"replies":[{"embeddable":true,"href":"https:\/\/cftc-syntec.fr\/testimport\/wp-json\/wp\/v2\/comments?post=4788"}],"version-history":[{"count":0,"href":"https:\/\/cftc-syntec.fr\/testimport\/wp-json\/wp\/v2\/posts\/4788\/revisions"}],"wp:attachment":[{"href":"https:\/\/cftc-syntec.fr\/testimport\/wp-json\/wp\/v2\/media?parent=4788"}],"wp:term":[{"taxonomy":"category","embeddable":true,"href":"https:\/\/cftc-syntec.fr\/testimport\/wp-json\/wp\/v2\/categories?post=4788"},{"taxonomy":"post_tag","embeddable":true,"href":"https:\/\/cftc-syntec.fr\/testimport\/wp-json\/wp\/v2\/tags?post=4788"}],"curies":[{"name":"wp","href":"https:\/\/api.w.org\/{rel}","templated":true}]}}