{"id":4793,"date":"2023-11-15T09:16:29","date_gmt":"2023-11-15T08:16:29","guid":{"rendered":"https:\/\/cftc-syntec.fr\/testimport\/montee-en-gamme-moteur-a-hydrogene-dialogue-social-vert-airbus-face-au-defi-de-linvention-decarbonee\/"},"modified":"2023-11-15T09:16:29","modified_gmt":"2023-11-15T08:16:29","slug":"montee-en-gamme-moteur-a-hydrogene-dialogue-social-vert-airbus-face-au-defi-de-linvention-decarbonee","status":"publish","type":"post","link":"https:\/\/cftc-syntec.fr\/testimport\/montee-en-gamme-moteur-a-hydrogene-dialogue-social-vert-airbus-face-au-defi-de-linvention-decarbonee\/","title":{"rendered":"Mont\u00e9e en gamme, moteur \u00e0 hydrog\u00e8ne, dialogue social vert : Airbus face au d\u00e9fi de l\u2019invention d\u00e9carbon\u00e9e"},"content":{"rendered":"<p>Cet article <a href=\"https:\/\/www.cftc.fr\/congres-2023\/montee-en-gamme-moteur-a-hydrogene-dialogue-social-vert-airbus-face-au-defi-de-linvention-decarbonee\">Mont\u00e9e en gamme, moteur \u00e0 hydrog\u00e8ne, dialogue social vert : Airbus face au d\u00e9fi de l\u2019invention d\u00e9carbon\u00e9e<\/a> est apparu en premier sur <a href=\"https:\/\/www.cftc.fr\/\">CFTC<\/a>.<\/p>\n","protected":false},"excerpt":{"rendered":"<p>Cet article Mont\u00e9e en gamme, moteur \u00e0 hydrog\u00e8ne, dialogue social vert : Airbus face au d\u00e9fi de l\u2019invention d\u00e9carbon\u00e9e est apparu en premier sur CFTC.<\/p>\n","protected":false},"author":0,"featured_media":0,"comment_status":"open","ping_status":"open","sticky":false,"template":"","format":"standard","meta":[],"categories":[1],"tags":[],"_links":{"self":[{"href":"https:\/\/cftc-syntec.fr\/testimport\/wp-json\/wp\/v2\/posts\/4793"}],"collection":[{"href":"https:\/\/cftc-syntec.fr\/testimport\/wp-json\/wp\/v2\/posts"}],"about":[{"href":"https:\/\/cftc-syntec.fr\/testimport\/wp-json\/wp\/v2\/types\/post"}],"replies":[{"embeddable":true,"href":"https:\/\/cftc-syntec.fr\/testimport\/wp-json\/wp\/v2\/comments?post=4793"}],"version-history":[{"count":0,"href":"https:\/\/cftc-syntec.fr\/testimport\/wp-json\/wp\/v2\/posts\/4793\/revisions"}],"wp:attachment":[{"href":"https:\/\/cftc-syntec.fr\/testimport\/wp-json\/wp\/v2\/media?parent=4793"}],"wp:term":[{"taxonomy":"category","embeddable":true,"href":"https:\/\/cftc-syntec.fr\/testimport\/wp-json\/wp\/v2\/categories?post=4793"},{"taxonomy":"post_tag","embeddable":true,"href":"https:\/\/cftc-syntec.fr\/testimport\/wp-json\/wp\/v2\/tags?post=4793"}],"curies":[{"name":"wp","href":"https:\/\/api.w.org\/{rel}","templated":true}]}}