{"id":4799,"date":"2023-11-16T17:29:17","date_gmt":"2023-11-16T16:29:17","guid":{"rendered":"https:\/\/cftc-syntec.fr\/testimport\/repenser-la-politique-familiale-pour-reinventer-le-rapport-des-salaries-a-leur-travail\/"},"modified":"2023-11-16T17:29:17","modified_gmt":"2023-11-16T16:29:17","slug":"repenser-la-politique-familiale-pour-reinventer-le-rapport-des-salaries-a-leur-travail","status":"publish","type":"post","link":"https:\/\/cftc-syntec.fr\/testimport\/repenser-la-politique-familiale-pour-reinventer-le-rapport-des-salaries-a-leur-travail\/","title":{"rendered":"Repenser la politique familiale, pour r\u00e9inventer le rapport des salari\u00e9s \u00e0 leur travail"},"content":{"rendered":"<p>Cet article <a href=\"https:\/\/www.cftc.fr\/congres-2023\/repenser-politique-familiale\">Repenser la politique familiale, pour r\u00e9inventer le rapport des salari\u00e9s \u00e0 leur travail<\/a> est apparu en premier sur <a href=\"https:\/\/www.cftc.fr\/\">CFTC<\/a>.<\/p>\n","protected":false},"excerpt":{"rendered":"<p>Cet article Repenser la politique familiale, pour r\u00e9inventer le rapport des salari\u00e9s \u00e0 leur travail est apparu en premier sur CFTC.<\/p>\n","protected":false},"author":0,"featured_media":0,"comment_status":"open","ping_status":"open","sticky":false,"template":"","format":"standard","meta":[],"categories":[1],"tags":[],"_links":{"self":[{"href":"https:\/\/cftc-syntec.fr\/testimport\/wp-json\/wp\/v2\/posts\/4799"}],"collection":[{"href":"https:\/\/cftc-syntec.fr\/testimport\/wp-json\/wp\/v2\/posts"}],"about":[{"href":"https:\/\/cftc-syntec.fr\/testimport\/wp-json\/wp\/v2\/types\/post"}],"replies":[{"embeddable":true,"href":"https:\/\/cftc-syntec.fr\/testimport\/wp-json\/wp\/v2\/comments?post=4799"}],"version-history":[{"count":0,"href":"https:\/\/cftc-syntec.fr\/testimport\/wp-json\/wp\/v2\/posts\/4799\/revisions"}],"wp:attachment":[{"href":"https:\/\/cftc-syntec.fr\/testimport\/wp-json\/wp\/v2\/media?parent=4799"}],"wp:term":[{"taxonomy":"category","embeddable":true,"href":"https:\/\/cftc-syntec.fr\/testimport\/wp-json\/wp\/v2\/categories?post=4799"},{"taxonomy":"post_tag","embeddable":true,"href":"https:\/\/cftc-syntec.fr\/testimport\/wp-json\/wp\/v2\/tags?post=4799"}],"curies":[{"name":"wp","href":"https:\/\/api.w.org\/{rel}","templated":true}]}}