{"id":4802,"date":"2023-11-17T11:32:34","date_gmt":"2023-11-17T10:32:34","guid":{"rendered":"https:\/\/cftc-syntec.fr\/testimport\/cyril-chabanier-reelu-president-de-la-cftc\/"},"modified":"2023-11-17T11:32:34","modified_gmt":"2023-11-17T10:32:34","slug":"cyril-chabanier-reelu-president-de-la-cftc","status":"publish","type":"post","link":"https:\/\/cftc-syntec.fr\/testimport\/cyril-chabanier-reelu-president-de-la-cftc\/","title":{"rendered":"Cyril Chabanier r\u00e9\u00e9lu pr\u00e9sident de la CFTC"},"content":{"rendered":"<p>Cet article <a href=\"https:\/\/www.cftc.fr\/actualites\/cyril-chabanier-reelu-president-de-la-cftc\">Cyril Chabanier r\u00e9\u00e9lu pr\u00e9sident de la CFTC<\/a> est apparu en premier sur <a href=\"https:\/\/www.cftc.fr\/\">CFTC<\/a>.<\/p>\n","protected":false},"excerpt":{"rendered":"<p>Cet article Cyril Chabanier r\u00e9\u00e9lu pr\u00e9sident de la CFTC est apparu en premier sur CFTC.<\/p>\n","protected":false},"author":0,"featured_media":0,"comment_status":"open","ping_status":"open","sticky":false,"template":"","format":"standard","meta":[],"categories":[1],"tags":[],"_links":{"self":[{"href":"https:\/\/cftc-syntec.fr\/testimport\/wp-json\/wp\/v2\/posts\/4802"}],"collection":[{"href":"https:\/\/cftc-syntec.fr\/testimport\/wp-json\/wp\/v2\/posts"}],"about":[{"href":"https:\/\/cftc-syntec.fr\/testimport\/wp-json\/wp\/v2\/types\/post"}],"replies":[{"embeddable":true,"href":"https:\/\/cftc-syntec.fr\/testimport\/wp-json\/wp\/v2\/comments?post=4802"}],"version-history":[{"count":0,"href":"https:\/\/cftc-syntec.fr\/testimport\/wp-json\/wp\/v2\/posts\/4802\/revisions"}],"wp:attachment":[{"href":"https:\/\/cftc-syntec.fr\/testimport\/wp-json\/wp\/v2\/media?parent=4802"}],"wp:term":[{"taxonomy":"category","embeddable":true,"href":"https:\/\/cftc-syntec.fr\/testimport\/wp-json\/wp\/v2\/categories?post=4802"},{"taxonomy":"post_tag","embeddable":true,"href":"https:\/\/cftc-syntec.fr\/testimport\/wp-json\/wp\/v2\/tags?post=4802"}],"curies":[{"name":"wp","href":"https:\/\/api.w.org\/{rel}","templated":true}]}}