{"id":4810,"date":"2023-11-28T08:51:52","date_gmt":"2023-11-28T07:51:52","guid":{"rendered":"https:\/\/cftc-syntec.fr\/testimport\/conges-payes-acquis-en-arret-maladie-mode-demploi-et-consequences-dun-nouveau-droit\/"},"modified":"2023-11-28T08:51:52","modified_gmt":"2023-11-28T07:51:52","slug":"conges-payes-acquis-en-arret-maladie-mode-demploi-et-consequences-dun-nouveau-droit","status":"publish","type":"post","link":"https:\/\/cftc-syntec.fr\/testimport\/conges-payes-acquis-en-arret-maladie-mode-demploi-et-consequences-dun-nouveau-droit\/","title":{"rendered":"Cong\u00e9s pay\u00e9s acquis en arr\u00eat maladie : mode d\u2019emploi et cons\u00e9quences d\u2019un nouveau droit"},"content":{"rendered":"<p>Cet article <a href=\"https:\/\/www.cftc.fr\/actualites\/social\/conges-payes-acquis-en-arret-maladie-mode-demploi\">Cong\u00e9s pay\u00e9s acquis en arr\u00eat maladie : mode d\u2019emploi et cons\u00e9quences d\u2019un nouveau droit<\/a> est apparu en premier sur <a href=\"https:\/\/www.cftc.fr\/\">CFTC<\/a>.<\/p>\n","protected":false},"excerpt":{"rendered":"<p>Cet article Cong\u00e9s pay\u00e9s acquis en arr\u00eat maladie : mode d\u2019emploi et cons\u00e9quences d\u2019un nouveau droit est apparu en premier sur CFTC.<\/p>\n","protected":false},"author":0,"featured_media":0,"comment_status":"open","ping_status":"open","sticky":false,"template":"","format":"standard","meta":[],"categories":[1],"tags":[],"_links":{"self":[{"href":"https:\/\/cftc-syntec.fr\/testimport\/wp-json\/wp\/v2\/posts\/4810"}],"collection":[{"href":"https:\/\/cftc-syntec.fr\/testimport\/wp-json\/wp\/v2\/posts"}],"about":[{"href":"https:\/\/cftc-syntec.fr\/testimport\/wp-json\/wp\/v2\/types\/post"}],"replies":[{"embeddable":true,"href":"https:\/\/cftc-syntec.fr\/testimport\/wp-json\/wp\/v2\/comments?post=4810"}],"version-history":[{"count":0,"href":"https:\/\/cftc-syntec.fr\/testimport\/wp-json\/wp\/v2\/posts\/4810\/revisions"}],"wp:attachment":[{"href":"https:\/\/cftc-syntec.fr\/testimport\/wp-json\/wp\/v2\/media?parent=4810"}],"wp:term":[{"taxonomy":"category","embeddable":true,"href":"https:\/\/cftc-syntec.fr\/testimport\/wp-json\/wp\/v2\/categories?post=4810"},{"taxonomy":"post_tag","embeddable":true,"href":"https:\/\/cftc-syntec.fr\/testimport\/wp-json\/wp\/v2\/tags?post=4810"}],"curies":[{"name":"wp","href":"https:\/\/api.w.org\/{rel}","templated":true}]}}