{"id":4817,"date":"2023-12-14T16:15:23","date_gmt":"2023-12-14T15:15:23","guid":{"rendered":"https:\/\/cftc-syntec.fr\/testimport\/budget-europeen-la-cftc-et-les-syndicats-interpellent-le-president-de-la-republique\/"},"modified":"2023-12-14T16:15:23","modified_gmt":"2023-12-14T15:15:23","slug":"budget-europeen-la-cftc-et-les-syndicats-interpellent-le-president-de-la-republique","status":"publish","type":"post","link":"https:\/\/cftc-syntec.fr\/testimport\/budget-europeen-la-cftc-et-les-syndicats-interpellent-le-president-de-la-republique\/","title":{"rendered":"Budget europ\u00e9en : la CFTC et les syndicats interpellent le pr\u00e9sident de la R\u00e9publique"},"content":{"rendered":"<p>Cet article <a href=\"https:\/\/www.cftc.fr\/espace-presse\/communiques-de-presse\/budget-europeen-la-cftc-et-les-syndicats-interpellent-le-president-de-la-republique\">Budget europ\u00e9en : la CFTC et les syndicats interpellent le pr\u00e9sident de la R\u00e9publique<\/a> est apparu en premier sur <a href=\"https:\/\/www.cftc.fr\/\">CFTC<\/a>.<\/p>\n","protected":false},"excerpt":{"rendered":"<p>Cet article Budget europ\u00e9en : la CFTC et les syndicats interpellent le pr\u00e9sident de la R\u00e9publique est apparu en premier sur CFTC.<\/p>\n","protected":false},"author":0,"featured_media":0,"comment_status":"open","ping_status":"open","sticky":false,"template":"","format":"standard","meta":[],"categories":[1],"tags":[],"_links":{"self":[{"href":"https:\/\/cftc-syntec.fr\/testimport\/wp-json\/wp\/v2\/posts\/4817"}],"collection":[{"href":"https:\/\/cftc-syntec.fr\/testimport\/wp-json\/wp\/v2\/posts"}],"about":[{"href":"https:\/\/cftc-syntec.fr\/testimport\/wp-json\/wp\/v2\/types\/post"}],"replies":[{"embeddable":true,"href":"https:\/\/cftc-syntec.fr\/testimport\/wp-json\/wp\/v2\/comments?post=4817"}],"version-history":[{"count":0,"href":"https:\/\/cftc-syntec.fr\/testimport\/wp-json\/wp\/v2\/posts\/4817\/revisions"}],"wp:attachment":[{"href":"https:\/\/cftc-syntec.fr\/testimport\/wp-json\/wp\/v2\/media?parent=4817"}],"wp:term":[{"taxonomy":"category","embeddable":true,"href":"https:\/\/cftc-syntec.fr\/testimport\/wp-json\/wp\/v2\/categories?post=4817"},{"taxonomy":"post_tag","embeddable":true,"href":"https:\/\/cftc-syntec.fr\/testimport\/wp-json\/wp\/v2\/tags?post=4817"}],"curies":[{"name":"wp","href":"https:\/\/api.w.org\/{rel}","templated":true}]}}