{"id":4827,"date":"2024-01-16T12:38:57","date_gmt":"2024-01-16T11:38:57","guid":{"rendered":"https:\/\/cftc-syntec.fr\/testimport\/polemique-oudea-castera-la-presidente-du-snec-cftc-fait-le-point-sur-france-info-et-bfm-tv\/"},"modified":"2024-01-16T12:38:57","modified_gmt":"2024-01-16T11:38:57","slug":"polemique-oudea-castera-la-presidente-du-snec-cftc-fait-le-point-sur-france-info-et-bfm-tv","status":"publish","type":"post","link":"https:\/\/cftc-syntec.fr\/testimport\/polemique-oudea-castera-la-presidente-du-snec-cftc-fait-le-point-sur-france-info-et-bfm-tv\/","title":{"rendered":"Pol\u00e9mique Oud\u00e9a-Cast\u00e9ra: la pr\u00e9sidente du Snec-CFTC fait le point sur France Info et BFM TV"},"content":{"rendered":"<p>Cet article <a href=\"https:\/\/www.cftc.fr\/espace-presse\/polemique-oudea-castera-la-presidente-du-snec-cftc-fait-le-point-sur-france-info\">Pol\u00e9mique Oud\u00e9a-Cast\u00e9ra: la pr\u00e9sidente du Snec-CFTC fait le point sur France Info et BFM TV<\/a> est apparu en premier sur <a href=\"https:\/\/www.cftc.fr\/\">CFTC<\/a>.<\/p>\n","protected":false},"excerpt":{"rendered":"<p>Cet article Pol\u00e9mique Oud\u00e9a-Cast\u00e9ra: la pr\u00e9sidente du Snec-CFTC fait le point sur France Info et BFM TV est apparu en premier sur CFTC.<\/p>\n","protected":false},"author":0,"featured_media":0,"comment_status":"open","ping_status":"open","sticky":false,"template":"","format":"standard","meta":[],"categories":[1],"tags":[],"_links":{"self":[{"href":"https:\/\/cftc-syntec.fr\/testimport\/wp-json\/wp\/v2\/posts\/4827"}],"collection":[{"href":"https:\/\/cftc-syntec.fr\/testimport\/wp-json\/wp\/v2\/posts"}],"about":[{"href":"https:\/\/cftc-syntec.fr\/testimport\/wp-json\/wp\/v2\/types\/post"}],"replies":[{"embeddable":true,"href":"https:\/\/cftc-syntec.fr\/testimport\/wp-json\/wp\/v2\/comments?post=4827"}],"version-history":[{"count":0,"href":"https:\/\/cftc-syntec.fr\/testimport\/wp-json\/wp\/v2\/posts\/4827\/revisions"}],"wp:attachment":[{"href":"https:\/\/cftc-syntec.fr\/testimport\/wp-json\/wp\/v2\/media?parent=4827"}],"wp:term":[{"taxonomy":"category","embeddable":true,"href":"https:\/\/cftc-syntec.fr\/testimport\/wp-json\/wp\/v2\/categories?post=4827"},{"taxonomy":"post_tag","embeddable":true,"href":"https:\/\/cftc-syntec.fr\/testimport\/wp-json\/wp\/v2\/tags?post=4827"}],"curies":[{"name":"wp","href":"https:\/\/api.w.org\/{rel}","templated":true}]}}