{"id":4833,"date":"2024-01-29T17:06:24","date_gmt":"2024-01-29T16:06:24","guid":{"rendered":"https:\/\/cftc-syntec.fr\/testimport\/sur-phare-fm-le-vice-president-de-la-cftc-agriculture-detaille-la-condition-des-salaries-agricoles\/"},"modified":"2024-01-29T17:06:24","modified_gmt":"2024-01-29T16:06:24","slug":"sur-phare-fm-le-vice-president-de-la-cftc-agriculture-detaille-la-condition-des-salaries-agricoles","status":"publish","type":"post","link":"https:\/\/cftc-syntec.fr\/testimport\/sur-phare-fm-le-vice-president-de-la-cftc-agriculture-detaille-la-condition-des-salaries-agricoles\/","title":{"rendered":"Sur Phare FM, le vice-pr\u00e9sident de la CFTC Agriculture d\u00e9taille la condition des salari\u00e9s agricoles"},"content":{"rendered":"<p>Cet article <a href=\"https:\/\/www.cftc.fr\/actualites\/sur-phare-fm-le-vice-president-de-la-cftc-agriculture-explique-la-condition-des-salaries-agricoles\">Sur Phare FM, le vice-pr\u00e9sident de la CFTC Agriculture d\u00e9taille la condition des salari\u00e9s agricoles<\/a> est apparu en premier sur <a href=\"https:\/\/www.cftc.fr\/\">CFTC<\/a>.<\/p>\n","protected":false},"excerpt":{"rendered":"<p>Cet article Sur Phare FM, le vice-pr\u00e9sident de la CFTC Agriculture d\u00e9taille la condition des salari\u00e9s agricoles est apparu en premier sur CFTC.<\/p>\n","protected":false},"author":0,"featured_media":0,"comment_status":"open","ping_status":"open","sticky":false,"template":"","format":"standard","meta":[],"categories":[1],"tags":[],"_links":{"self":[{"href":"https:\/\/cftc-syntec.fr\/testimport\/wp-json\/wp\/v2\/posts\/4833"}],"collection":[{"href":"https:\/\/cftc-syntec.fr\/testimport\/wp-json\/wp\/v2\/posts"}],"about":[{"href":"https:\/\/cftc-syntec.fr\/testimport\/wp-json\/wp\/v2\/types\/post"}],"replies":[{"embeddable":true,"href":"https:\/\/cftc-syntec.fr\/testimport\/wp-json\/wp\/v2\/comments?post=4833"}],"version-history":[{"count":0,"href":"https:\/\/cftc-syntec.fr\/testimport\/wp-json\/wp\/v2\/posts\/4833\/revisions"}],"wp:attachment":[{"href":"https:\/\/cftc-syntec.fr\/testimport\/wp-json\/wp\/v2\/media?parent=4833"}],"wp:term":[{"taxonomy":"category","embeddable":true,"href":"https:\/\/cftc-syntec.fr\/testimport\/wp-json\/wp\/v2\/categories?post=4833"},{"taxonomy":"post_tag","embeddable":true,"href":"https:\/\/cftc-syntec.fr\/testimport\/wp-json\/wp\/v2\/tags?post=4833"}],"curies":[{"name":"wp","href":"https:\/\/api.w.org\/{rel}","templated":true}]}}