{"id":4834,"date":"2024-01-31T17:01:07","date_gmt":"2024-01-31T16:01:07","guid":{"rendered":"https:\/\/cftc-syntec.fr\/testimport\/cyril-chabanier-reagit-au-discours-de-politique-generale-de-gabriel-attal\/"},"modified":"2024-01-31T17:01:07","modified_gmt":"2024-01-31T16:01:07","slug":"cyril-chabanier-reagit-au-discours-de-politique-generale-de-gabriel-attal","status":"publish","type":"post","link":"https:\/\/cftc-syntec.fr\/testimport\/cyril-chabanier-reagit-au-discours-de-politique-generale-de-gabriel-attal\/","title":{"rendered":"Cyril Chabanier r\u00e9agit au discours de politique g\u00e9n\u00e9rale de Gabriel Attal"},"content":{"rendered":"<p>Cet article <a href=\"https:\/\/www.cftc.fr\/actualites\/cyril-chabanier-reagit-au-discours-de-politique-generale-de-gabriel-attal\">Cyril Chabanier r\u00e9agit au discours de politique g\u00e9n\u00e9rale de Gabriel Attal<\/a> est apparu en premier sur <a href=\"https:\/\/www.cftc.fr\/\">CFTC<\/a>.<\/p>\n","protected":false},"excerpt":{"rendered":"<p>Cet article Cyril Chabanier r\u00e9agit au discours de politique g\u00e9n\u00e9rale de Gabriel Attal est apparu en premier sur CFTC.<\/p>\n","protected":false},"author":0,"featured_media":0,"comment_status":"open","ping_status":"open","sticky":false,"template":"","format":"standard","meta":[],"categories":[1],"tags":[],"_links":{"self":[{"href":"https:\/\/cftc-syntec.fr\/testimport\/wp-json\/wp\/v2\/posts\/4834"}],"collection":[{"href":"https:\/\/cftc-syntec.fr\/testimport\/wp-json\/wp\/v2\/posts"}],"about":[{"href":"https:\/\/cftc-syntec.fr\/testimport\/wp-json\/wp\/v2\/types\/post"}],"replies":[{"embeddable":true,"href":"https:\/\/cftc-syntec.fr\/testimport\/wp-json\/wp\/v2\/comments?post=4834"}],"version-history":[{"count":0,"href":"https:\/\/cftc-syntec.fr\/testimport\/wp-json\/wp\/v2\/posts\/4834\/revisions"}],"wp:attachment":[{"href":"https:\/\/cftc-syntec.fr\/testimport\/wp-json\/wp\/v2\/media?parent=4834"}],"wp:term":[{"taxonomy":"category","embeddable":true,"href":"https:\/\/cftc-syntec.fr\/testimport\/wp-json\/wp\/v2\/categories?post=4834"},{"taxonomy":"post_tag","embeddable":true,"href":"https:\/\/cftc-syntec.fr\/testimport\/wp-json\/wp\/v2\/tags?post=4834"}],"curies":[{"name":"wp","href":"https:\/\/api.w.org\/{rel}","templated":true}]}}