{"id":4837,"date":"2024-02-05T05:12:38","date_gmt":"2024-02-05T04:12:38","guid":{"rendered":"https:\/\/cftc-syntec.fr\/testimport\/edito-pour-une-agriculture-responsable-durable-et-intelligemment-protegee\/"},"modified":"2024-02-05T05:12:38","modified_gmt":"2024-02-05T04:12:38","slug":"edito-pour-une-agriculture-responsable-durable-et-intelligemment-protegee","status":"publish","type":"post","link":"https:\/\/cftc-syntec.fr\/testimport\/edito-pour-une-agriculture-responsable-durable-et-intelligemment-protegee\/","title":{"rendered":"\u00c9dito. Pour une agriculture responsable, durable et intelligemment prot\u00e9g\u00e9e!"},"content":{"rendered":"<p>Cet article <a href=\"https:\/\/www.cftc.fr\/actualites\/evenement\/edito-pour-une-agriculture-responsable-durable-et-intelligemment-protegee\">\u00c9dito. Pour une agriculture responsable, durable et intelligemment prot\u00e9g\u00e9e!<\/a> est apparu en premier sur <a href=\"https:\/\/www.cftc.fr\/\">CFTC<\/a>.<\/p>\n","protected":false},"excerpt":{"rendered":"<p>Cet article \u00c9dito. Pour une agriculture responsable, durable et intelligemment prot\u00e9g\u00e9e! est apparu en premier sur CFTC.<\/p>\n","protected":false},"author":0,"featured_media":0,"comment_status":"open","ping_status":"open","sticky":false,"template":"","format":"standard","meta":[],"categories":[1],"tags":[],"_links":{"self":[{"href":"https:\/\/cftc-syntec.fr\/testimport\/wp-json\/wp\/v2\/posts\/4837"}],"collection":[{"href":"https:\/\/cftc-syntec.fr\/testimport\/wp-json\/wp\/v2\/posts"}],"about":[{"href":"https:\/\/cftc-syntec.fr\/testimport\/wp-json\/wp\/v2\/types\/post"}],"replies":[{"embeddable":true,"href":"https:\/\/cftc-syntec.fr\/testimport\/wp-json\/wp\/v2\/comments?post=4837"}],"version-history":[{"count":0,"href":"https:\/\/cftc-syntec.fr\/testimport\/wp-json\/wp\/v2\/posts\/4837\/revisions"}],"wp:attachment":[{"href":"https:\/\/cftc-syntec.fr\/testimport\/wp-json\/wp\/v2\/media?parent=4837"}],"wp:term":[{"taxonomy":"category","embeddable":true,"href":"https:\/\/cftc-syntec.fr\/testimport\/wp-json\/wp\/v2\/categories?post=4837"},{"taxonomy":"post_tag","embeddable":true,"href":"https:\/\/cftc-syntec.fr\/testimport\/wp-json\/wp\/v2\/tags?post=4837"}],"curies":[{"name":"wp","href":"https:\/\/api.w.org\/{rel}","templated":true}]}}