{"id":4847,"date":"2024-02-21T19:01:49","date_gmt":"2024-02-21T18:01:49","guid":{"rendered":"https:\/\/cftc-syntec.fr\/testimport\/nouvelle-equipe-2024-pour-lufr\/"},"modified":"2024-02-21T19:01:49","modified_gmt":"2024-02-21T18:01:49","slug":"nouvelle-equipe-2024-pour-lufr","status":"publish","type":"post","link":"https:\/\/cftc-syntec.fr\/testimport\/nouvelle-equipe-2024-pour-lufr\/","title":{"rendered":"Nouvelle \u00e9quipe 2024 pour l\u2019UFR"},"content":{"rendered":"<p>L\u2019UFR s\u2019est r\u00e9unie et a tenu son AG les 13 et 14 d\u00e9cembre 2023 afin de composer sa nouvelle \u00e9quipe.<\/p>\n<div class=\"wp-block-spacer\"><\/div>\n<div class=\"wp-block-columns is-layout-flex wp-container-core-columns-layout-1 wp-block-columns-is-layout-flex\">\n<div class=\"wp-block-column is-layout-flow wp-block-column-is-layout-flow\">\n<h3 class=\"wp-block-heading has-text-align-left has-text-color has-link-color has-medium-font-size wp-elements-e5d44cc7626c0978aa927740612a9365\">Membres du Conseil<\/h3>\n<\/div>\n<\/div>\n<p>NOMPr\u00e9nomSyndicatADAMSKI ChristianPT AquitaineBOULANGERMarcPT PACACCESAIRE-GEDEONMarie-ClaudePT GuadeloupeDELANOYMoniquePT NordDENEUVEAnnickPT Limousin-Poitou-CharentesEUCARG\u00e9rardPT MartiniqueFAVARDBrunoPT AquitaineHUSSEINIFran\u00e7oisSICSTIKOECHLINJean-PierrePT Pays de LoireMEBROUKRoger-MariePT PACACMONVOISINEricPT Pas de CalaisNAUDINLaurencePT BourgognePARMENTIERJosianePT AURAPRICAZRobertPT Franche-Comt\u00e9RIPOLLMichelPT Bas-Rhin<\/p>\n<div class=\"wp-block-spacer\"><\/div>\n<h3 class=\"wp-block-heading has-text-color has-link-color has-medium-font-size wp-elements-e9e23320429938d02d9beee37b488cd2\">Membres du Bureau<\/h3>\n<p><strong>Responsabilit\u00e9<\/strong><strong>NOM<\/strong><strong>Pr\u00e9nom<\/strong><strong>Syndicat<\/strong>Pr\u00e9sidentMEBROUKRoger-MariePT PACACSecr\u00e9taire G\u00e9n\u00e9raleNAUDINLaurencePT BourgogneTr\u00e9sorierBOULANGER MarcPT PACACVice-pr\u00e9sidenteCESAIRE-GEDEONMarie-ClaudePT GuadeloupeSecr\u00e9taire G\u00e9n\u00e9rale adjointeDELANOY MoniquePT NordSecr\u00e9taire G\u00e9n\u00e9rale adjointePARMENTIER JosianePT AURAMembre du bureauEUCAR G\u00e9rardPT Martinique<\/p>\n<p>L\u2019article <a href=\"https:\/\/www.cftcmediaplus.fr\/federation\/nouvelle-equipe-2024-pour-lufr\/\">Nouvelle \u00e9quipe 2024 pour l\u2019UFR<\/a> est apparu en premier sur <a href=\"https:\/\/www.cftcmediaplus.fr\/\">CFTC Media Plus<\/a>.<\/p>\n","protected":false},"excerpt":{"rendered":"<p>L\u2019UFR s\u2019est r\u00e9unie et a tenu son AG les 13 et 14 d\u00e9cembre 2023 afin de composer sa nouvelle \u00e9quipe. Membres du Conseil NOMPr\u00e9nomSyndicatADAMSKI ChristianPT AquitaineBOULANGERMarcPT PACACCESAIRE-GEDEONMarie-ClaudePT GuadeloupeDELANOYMoniquePT NordDENEUVEAnnickPT Limousin-Poitou-CharentesEUCARG\u00e9rardPT MartiniqueFAVARDBrunoPT AquitaineHUSSEINIFran\u00e7oisSICSTIKOECHLINJean-PierrePT Pays de LoireMEBROUKRoger-MariePT PACACMONVOISINEricPT Pas de CalaisNAUDINLaurencePT BourgognePARMENTIERJosianePT AURAPRICAZRobertPT Franche-Comt\u00e9RIPOLLMichelPT Bas-Rhin Membres du Bureau Responsabilit\u00e9NOMPr\u00e9nomSyndicatPr\u00e9sidentMEBROUKRoger-MariePT PACACSecr\u00e9taire G\u00e9n\u00e9raleNAUDINLaurencePT BourgogneTr\u00e9sorierBOULANGER MarcPT PACACVice-pr\u00e9sidenteCESAIRE-GEDEONMarie-ClaudePT GuadeloupeSecr\u00e9taire G\u00e9n\u00e9rale adjointeDELANOY [&hellip;]<\/p>\n","protected":false},"author":0,"featured_media":0,"comment_status":"open","ping_status":"open","sticky":false,"template":"","format":"standard","meta":[],"categories":[1],"tags":[],"_links":{"self":[{"href":"https:\/\/cftc-syntec.fr\/testimport\/wp-json\/wp\/v2\/posts\/4847"}],"collection":[{"href":"https:\/\/cftc-syntec.fr\/testimport\/wp-json\/wp\/v2\/posts"}],"about":[{"href":"https:\/\/cftc-syntec.fr\/testimport\/wp-json\/wp\/v2\/types\/post"}],"replies":[{"embeddable":true,"href":"https:\/\/cftc-syntec.fr\/testimport\/wp-json\/wp\/v2\/comments?post=4847"}],"version-history":[{"count":0,"href":"https:\/\/cftc-syntec.fr\/testimport\/wp-json\/wp\/v2\/posts\/4847\/revisions"}],"wp:attachment":[{"href":"https:\/\/cftc-syntec.fr\/testimport\/wp-json\/wp\/v2\/media?parent=4847"}],"wp:term":[{"taxonomy":"category","embeddable":true,"href":"https:\/\/cftc-syntec.fr\/testimport\/wp-json\/wp\/v2\/categories?post=4847"},{"taxonomy":"post_tag","embeddable":true,"href":"https:\/\/cftc-syntec.fr\/testimport\/wp-json\/wp\/v2\/tags?post=4847"}],"curies":[{"name":"wp","href":"https:\/\/api.w.org\/{rel}","templated":true}]}}