{"id":4868,"date":"2024-03-27T14:10:22","date_gmt":"2024-03-27T13:10:22","guid":{"rendered":"https:\/\/cftc-syntec.fr\/testimport\/nouveau-bureau-pour-la-section-nationale-orange\/"},"modified":"2024-03-27T14:10:22","modified_gmt":"2024-03-27T13:10:22","slug":"nouveau-bureau-pour-la-section-nationale-orange","status":"publish","type":"post","link":"https:\/\/cftc-syntec.fr\/testimport\/nouveau-bureau-pour-la-section-nationale-orange\/","title":{"rendered":"NOUVEAU BUREAU POUR LA SECTION NATIONALE ORANGE"},"content":{"rendered":"<p>Le 20 mars 2024 s\u2019est tenu la r\u00e9union du nouveau bureau de la Section Nationale Orange.<\/p>\n<p>Les nouveaux \u00e9lus sont les suivants : <\/p>\n<p class=\"has-text-color has-link-color wp-elements-d3243e6ae9145da3b35b5410fd72dbb1\">\n<p>Pr\u00e9sident\u00a0: Fr\u00e9d\u00e9ric Michaux<\/p>\n<p>Secr\u00e9taire National : Mathieu Boban<\/p>\n<p>Vice-Pr\u00e9sident\u00a0: Karim Matri<\/p>\n<p>Le Secr\u00e9taire National Adjoint absent, sera \u00e9lu, au prochain bureau.<\/p>\n<p>L\u2019\u00e9quipe f\u00e9d\u00e9rale adresse toutes ses f\u00e9licitations aux nouveaux membres.<\/p>\n<p>L\u2019article <a href=\"https:\/\/www.cftcmediaplus.fr\/federation\/nouveau-bureau-pour-la-section-nationale-orange-2\/\">NOUVEAU BUREAU POUR LA SECTION NATIONALE ORANGE<\/a> est apparu en premier sur <a href=\"https:\/\/www.cftcmediaplus.fr\/\">CFTC Media Plus<\/a>.<\/p>\n","protected":false},"excerpt":{"rendered":"<p>Le 20 mars 2024 s\u2019est tenu la r\u00e9union du nouveau bureau de la Section Nationale Orange. Les nouveaux \u00e9lus sont les suivants : Pr\u00e9sident\u00a0: Fr\u00e9d\u00e9ric Michaux Secr\u00e9taire National : Mathieu Boban Vice-Pr\u00e9sident\u00a0: Karim Matri Le Secr\u00e9taire National Adjoint absent, sera \u00e9lu, au prochain bureau. L\u2019\u00e9quipe f\u00e9d\u00e9rale adresse toutes ses f\u00e9licitations aux nouveaux membres. L\u2019article NOUVEAU [&hellip;]<\/p>\n","protected":false},"author":0,"featured_media":0,"comment_status":"open","ping_status":"open","sticky":false,"template":"","format":"standard","meta":[],"categories":[1],"tags":[],"_links":{"self":[{"href":"https:\/\/cftc-syntec.fr\/testimport\/wp-json\/wp\/v2\/posts\/4868"}],"collection":[{"href":"https:\/\/cftc-syntec.fr\/testimport\/wp-json\/wp\/v2\/posts"}],"about":[{"href":"https:\/\/cftc-syntec.fr\/testimport\/wp-json\/wp\/v2\/types\/post"}],"replies":[{"embeddable":true,"href":"https:\/\/cftc-syntec.fr\/testimport\/wp-json\/wp\/v2\/comments?post=4868"}],"version-history":[{"count":0,"href":"https:\/\/cftc-syntec.fr\/testimport\/wp-json\/wp\/v2\/posts\/4868\/revisions"}],"wp:attachment":[{"href":"https:\/\/cftc-syntec.fr\/testimport\/wp-json\/wp\/v2\/media?parent=4868"}],"wp:term":[{"taxonomy":"category","embeddable":true,"href":"https:\/\/cftc-syntec.fr\/testimport\/wp-json\/wp\/v2\/categories?post=4868"},{"taxonomy":"post_tag","embeddable":true,"href":"https:\/\/cftc-syntec.fr\/testimport\/wp-json\/wp\/v2\/tags?post=4868"}],"curies":[{"name":"wp","href":"https:\/\/api.w.org\/{rel}","templated":true}]}}