{"id":4875,"date":"2024-04-15T10:12:27","date_gmt":"2024-04-15T08:12:27","guid":{"rendered":"https:\/\/cftc-syntec.fr\/testimport\/editorial-6\/"},"modified":"2024-04-15T10:12:27","modified_gmt":"2024-04-15T08:12:27","slug":"editorial-6","status":"publish","type":"post","link":"https:\/\/cftc-syntec.fr\/testimport\/editorial-6\/","title":{"rendered":"\u00c9DITORIAL"},"content":{"rendered":"<p>Les temps sont durs pour les agriculteurs\u2026 pour le Gouvernement, aussi, qui doit r\u00e9pondre \u00e0 leurs attentes l\u00e9gitimes et \u00e0 celles d\u2019autres cat\u00e9gories professionnelles.<br \/>Mais, les temps s\u2019annoncent encore plus difficiles pour les demandeurs d\u2019emploi qui vont faire l\u2019objet d\u2019un tour de vis suppl\u00e9mentaire. L\u2019obsession de \u00ab l\u2019incitation \u00e0 la reprise d\u2019emploi \u00bb ne conna\u00eet pas de limite et risque de p\u00e9naliser les plus pr\u00e9caires. La suppression de l\u2019Allocation de Solidarit\u00e9 Sp\u00e9cifique va ainsi faire basculer des centaines de milliers de b\u00e9n\u00e9ficiaires vers le Revenu de Solidarit\u00e9 Active, or celui-ci est non cumulable avec d\u2019autres revenus et, surtout, non pris en compte pour la retraite. Double peine donc avec la r\u00e9cente r\u00e9forme des retraites, l\u2019\u00e2ge pour obtenir une retraite \u00e0 taux plein s\u2019\u00e9loigne encore pour certains. Il semble que les seniors, qui avaient \u00e9t\u00e9 relativement \u00e9pargn\u00e9s jusque-l\u00e0, soient les nouveaux porteurs des mesures d\u2019\u00e9conomie. Alors que leur taux d\u2019emploi fait l\u2019objet de toutes les attentions (cette hausse contribuerait \u00e0 p\u00e9renniser notre syst\u00e8me de protection sociale), la n\u00e9gociation engag\u00e9e sur leur maintien dans l\u2019emploi et les mesures de reconversion et de formation ainsi que la mise en place d\u2019un compte \u00e9pargne temps universel patinent. Le patronat cherche encore et toujours des contreparties \u00e0 ses efforts de maintien dans l\u2019emploi des seniors.<br \/>Les temps sont durs pour la croissance, revue \u00e0 la baisse. Les 10 milliards d\u2019\u00e9conomie annonc\u00e9s sur le budget national 2024 \u2013 coups de rabot sur l\u2019\u00e9cologie, l\u2019enseignement, la coh\u00e9sion des territoires et la sant\u00e9 \u2013 envoient, en ce premier trimestre, un signal n\u00e9gatif vers les jeunes, vers la transition \u00e9nerg\u00e9tique et vers les nouveaux m\u00e9tiers dont nous avons cruellement et rapidement besoin. Les temps sont durs pour les n\u00e9gociations salariales annuelles en baisse (3,5% en moyenne apr\u00e8s 4,6% en 2023). Mais qu\u2019on se rassure les dividendes et les investissements des entreprises du CAC 40, eux, se portent bien !<\/p>\n<p>Que faire alors pour am\u00e9liorer le quotidien de nos coll\u00e8gues et leur permettre de faire face \u00e0 l\u2019allongement de la dur\u00e9e du travail, \u00e0 un travail intensifi\u00e9 et aux nouvelles conditions de travail en situations climatiques extr\u00eames ? la r\u00e9ponse est dans l\u2019articulation des temps de vie. Nous pouvons en effet \u00eatre innovants sur l\u2019organisation et accompagner les transformations des m\u00e9tiers en n\u00e9gociant des modalit\u00e9s horaires plus adapt\u00e9es. Pl\u00e9biscit\u00e9es par les salari\u00e9s et esp\u00e9r\u00e9es par les entreprises comme outil d\u2019attractivit\u00e9, elles sont le nouveau champ de la n\u00e9gociation et de l\u2019innovation sociale. Nous y consacrons ce nouveau num\u00e9ro de votre revue. <\/p>\n<p>Point cl\u00e9 essentiel de cette r\u00e9ussite, comme de celle des entreprises : un dialogue social et professionnel nourri, avec des repr\u00e9sentants du personnel form\u00e9s et en proximit\u00e9, non limit\u00e9s dans leurs mandats, avec des moyens adapt\u00e9s et des instances efficaces. On en reparle, \u00e0 la veille de l\u2019\u00e9ventuel<br \/>acte 2 de la loi Travail. <\/p>\n<p>Notre Pr\u00e9sident nous incite \u00e0 r\u00e9armer la France, commen\u00e7ons par un r\u00e9armement social et incitons au progr\u00e8s au b\u00e9n\u00e9fice de toutes et tous.<\/p>\n<p>*Etude du Haut-Commissariat au Plan, la grande transformation du Travail, octobre 2023.<\/p>\n<p>L\u2019article <a href=\"https:\/\/www.cftcmediaplus.fr\/federation\/editorial-6\/\">\u00c9DITORIAL<\/a> est apparu en premier sur <a href=\"https:\/\/www.cftcmediaplus.fr\/\">CFTC Media Plus<\/a>.<\/p>\n","protected":false},"excerpt":{"rendered":"<p>Les temps sont durs pour les agriculteurs\u2026 pour le Gouvernement, aussi, qui doit r\u00e9pondre \u00e0 leurs attentes l\u00e9gitimes et \u00e0 celles d\u2019autres cat\u00e9gories professionnelles.Mais, les temps s\u2019annoncent encore plus difficiles pour les demandeurs d\u2019emploi qui vont faire l\u2019objet d\u2019un tour de vis suppl\u00e9mentaire. L\u2019obsession de \u00ab l\u2019incitation \u00e0 la reprise d\u2019emploi \u00bb ne conna\u00eet pas [&hellip;]<\/p>\n","protected":false},"author":0,"featured_media":0,"comment_status":"open","ping_status":"open","sticky":false,"template":"","format":"standard","meta":[],"categories":[1],"tags":[],"_links":{"self":[{"href":"https:\/\/cftc-syntec.fr\/testimport\/wp-json\/wp\/v2\/posts\/4875"}],"collection":[{"href":"https:\/\/cftc-syntec.fr\/testimport\/wp-json\/wp\/v2\/posts"}],"about":[{"href":"https:\/\/cftc-syntec.fr\/testimport\/wp-json\/wp\/v2\/types\/post"}],"replies":[{"embeddable":true,"href":"https:\/\/cftc-syntec.fr\/testimport\/wp-json\/wp\/v2\/comments?post=4875"}],"version-history":[{"count":0,"href":"https:\/\/cftc-syntec.fr\/testimport\/wp-json\/wp\/v2\/posts\/4875\/revisions"}],"wp:attachment":[{"href":"https:\/\/cftc-syntec.fr\/testimport\/wp-json\/wp\/v2\/media?parent=4875"}],"wp:term":[{"taxonomy":"category","embeddable":true,"href":"https:\/\/cftc-syntec.fr\/testimport\/wp-json\/wp\/v2\/categories?post=4875"},{"taxonomy":"post_tag","embeddable":true,"href":"https:\/\/cftc-syntec.fr\/testimport\/wp-json\/wp\/v2\/tags?post=4875"}],"curies":[{"name":"wp","href":"https:\/\/api.w.org\/{rel}","templated":true}]}}