{"id":4877,"date":"2024-04-16T10:08:34","date_gmt":"2024-04-16T08:08:34","guid":{"rendered":"https:\/\/cftc-syntec.fr\/testimport\/la-cftc-vigilante-pour-accompagner-le-transfert-des-mediapostiers-a-la-poste\/"},"modified":"2024-04-16T10:08:34","modified_gmt":"2024-04-16T08:08:34","slug":"la-cftc-vigilante-pour-accompagner-le-transfert-des-mediapostiers-a-la-poste","status":"publish","type":"post","link":"https:\/\/cftc-syntec.fr\/testimport\/la-cftc-vigilante-pour-accompagner-le-transfert-des-mediapostiers-a-la-poste\/","title":{"rendered":"LA CFTC VIGILANTE POUR ACCOMPAGNER LE TRANSFERT DES \u00ab M\u00c9DIAPOSTIERS \u00bb\u00c0 LA POSTE"},"content":{"rendered":"<p><span><strong>La baisse des volumes de l\u2019impression publicitaire due \u00e0 divers facteurs structurels et conjoncturels (crise sanitaire, oui-pub, annonce des grandes surfaces alimentaires sur l\u2019arr\u00eat progressif de l\u2019IP), ainsi qu\u2019un contexte \u00e9conomique ayant consid\u00e9rablement fait augmenter le prix du papier, a fragilis\u00e9 le secteur. Le groupe La Poste a d\u00e9cid\u00e9 d\u2019utiliser le dispositif l\u00e9gislatif du \u00ab transfert d\u2019une entit\u00e9 \u00e9conomique autonome \u00bb (Article L 1224-1 du Code du Travail) pour absorber, au sein de la BSCC (Branche Service Courrier Colis), la quasi-totalit\u00e9 des employ\u00e9s de Mediaposte. Soit 5 646 salari\u00e9s sur un peu plus de 6 000.<\/strong><\/span><\/p>\n<\/p>\n<p><span>Depuis le 2 f\u00e9vrier 2024, Mediaposte se concentre d\u00e9sormais uniquement sur ses activit\u00e9s Commerce Data-Digital (environ 400 salari\u00e9s). Cette annonce a \u00e9t\u00e9 faite lors du CSE extraordinaire du 7 novembre 2023. Par la suite, des n\u00e9gociations ont \u00e9t\u00e9 engag\u00e9es en vue de parvenir \u00e0 un accord anticip\u00e9 de transition pour d\u00e9finir le cadre du transfert et les dispositions conventionnelles applicables aux salari\u00e9s transf\u00e9r\u00e9s. Tous les actifs transf\u00e9r\u00e9s ont \u00e9t\u00e9 c\u00e9d\u00e9s dans le cadre d\u2019une convention de successeur le 2 f\u00e9vrier 2024. <\/span><span>Parall\u00e8lement \u00e0 ces n\u00e9gociations, des r\u00e9unions tripartites (entre organisations syndicales, direction de Mediaposte et repr\u00e9sentants de La Poste) ainsi que des r\u00e9unions quadripartites (impliquant \u00e9galement les organisations syndicales de La Poste) ont \u00e9t\u00e9 organis\u00e9es pour impliquer tous les intervenants dans le processus de transfert. De plus, des r\u00e9unions ont eu lieu entre les \u00e9lus CFTC de Mediaposte, de La Poste et de la f\u00e9d\u00e9ration CFTC M\u00e9dia+.\u00a0<\/span><\/p>\n<div class=\"wp-block-group\">\n<div class=\"wp-block-columns\">\n<div class=\"wp-block-column\">\n<p><span>Cet accord, sign\u00e9 par la CFTC le 31 janvier 2024, sp\u00e9cifie notamment les mesures applicables aux salari\u00e9s transf\u00e9r\u00e9s, tout en maintenant certains accords et dispositifs sp\u00e9cifiques aux employ\u00e9s de Mediaposte, qui resteront en vigueur jusqu\u2019au 31 d\u00e9cembre 2025.<\/span><\/p>\n<p><span>\u00c0 l\u2019heure actuelle, il est impossible de dresser un bilan de cette op\u00e9ration, dont on sait qu\u2019elle entra\u00eenera in\u00e9vitablement, malgr\u00e9 les assurances donn\u00e9es, des perturbations sociales et humaines. Bien que dans un premier temps, l\u2019organisation du travail pour les anciens employ\u00e9s de Mediaposte reste inchang\u00e9e. N\u00e9anmoins, la mutualisation progressive des flux annonc\u00e9s lors des r\u00e9organisations des \u00e9tablissements postaux risque de mettre \u00e0 jour l\u2019incompatibilit\u00e9 entre le m\u00e9tier de postier et celui de la distribution de l\u2019imprim\u00e9 publicitaire, notamment, en termes de libert\u00e9 dans l\u2019organisation du temps de travail et de modulation. Les \u00e9lus et mandat\u00e9s de la CFTC continueront d\u2019accompagner leurs coll\u00e8gues et de veiller \u00e0 la pr\u00e9servation de leurs droits.<\/span><\/p>\n<p><!-- \/wp:freeform --><\/p>\n<\/div>\n<p><!-- \/wp:column --><\/p>\n<\/div>\n<p><!-- \/wp:columns --><\/p>\n<\/div>\n<p><!-- \/wp:group --><\/p>\n<p>L\u2019article <a href=\"https:\/\/www.cftcmediaplus.fr\/postes\/la-cftc-vigilante-pour-accompagner-le-transfert-des-mediapostiers-a-la-poste\/\">LA CFTC VIGILANTE POUR ACCOMPAGNER LE TRANSFERT DES \u00ab M\u00c9DIAPOSTIERS \u00bb\u00c0 LA POSTE<\/a> est apparu en premier sur <a href=\"https:\/\/www.cftcmediaplus.fr\/\">CFTC Media Plus<\/a>.<\/p>\n","protected":false},"excerpt":{"rendered":"<p>La baisse des volumes de l\u2019impression publicitaire due \u00e0 divers facteurs structurels et conjoncturels (crise sanitaire, oui-pub, annonce des grandes surfaces alimentaires sur l\u2019arr\u00eat progressif de l\u2019IP), ainsi qu\u2019un contexte \u00e9conomique ayant consid\u00e9rablement fait augmenter le prix du papier, a fragilis\u00e9 le secteur. Le groupe La Poste a d\u00e9cid\u00e9 d\u2019utiliser le dispositif l\u00e9gislatif du \u00ab [&hellip;]<\/p>\n","protected":false},"author":0,"featured_media":0,"comment_status":"open","ping_status":"open","sticky":false,"template":"","format":"standard","meta":[],"categories":[1],"tags":[],"_links":{"self":[{"href":"https:\/\/cftc-syntec.fr\/testimport\/wp-json\/wp\/v2\/posts\/4877"}],"collection":[{"href":"https:\/\/cftc-syntec.fr\/testimport\/wp-json\/wp\/v2\/posts"}],"about":[{"href":"https:\/\/cftc-syntec.fr\/testimport\/wp-json\/wp\/v2\/types\/post"}],"replies":[{"embeddable":true,"href":"https:\/\/cftc-syntec.fr\/testimport\/wp-json\/wp\/v2\/comments?post=4877"}],"version-history":[{"count":0,"href":"https:\/\/cftc-syntec.fr\/testimport\/wp-json\/wp\/v2\/posts\/4877\/revisions"}],"wp:attachment":[{"href":"https:\/\/cftc-syntec.fr\/testimport\/wp-json\/wp\/v2\/media?parent=4877"}],"wp:term":[{"taxonomy":"category","embeddable":true,"href":"https:\/\/cftc-syntec.fr\/testimport\/wp-json\/wp\/v2\/categories?post=4877"},{"taxonomy":"post_tag","embeddable":true,"href":"https:\/\/cftc-syntec.fr\/testimport\/wp-json\/wp\/v2\/tags?post=4877"}],"curies":[{"name":"wp","href":"https:\/\/api.w.org\/{rel}","templated":true}]}}