{"id":4880,"date":"2024-04-17T16:22:26","date_gmt":"2024-04-17T14:22:26","guid":{"rendered":"https:\/\/cftc-syntec.fr\/testimport\/bgpn-organisation-de-lactivite-en-bureau-de-poste\/"},"modified":"2024-04-17T16:22:26","modified_gmt":"2024-04-17T14:22:26","slug":"bgpn-organisation-de-lactivite-en-bureau-de-poste","status":"publish","type":"post","link":"https:\/\/cftc-syntec.fr\/testimport\/bgpn-organisation-de-lactivite-en-bureau-de-poste\/","title":{"rendered":"BGPN, ORGANISATION DE L\u2019ACTIVIT\u00c9 EN BUREAU DE POSTE"},"content":{"rendered":"<p class=\"has-primary-color has-text-color has-link-color wp-elements-1eb0681853da87319fb6f0015accb0df\"><strong>Nouvelles dispositions pour les charg\u00e9s de client\u00e8le <\/strong><\/p>\n<p>Les d\u00e9placements inter-secteurs ne seront plus obligatoires.<\/p>\n<p>L\u2019intervention \u00e0 plus de 20 km sera sur la base du volontariat, mais un \u00e9largissement exceptionnel sera possible si l\u2019activit\u00e9 de cette zone ne permet pas l\u2019activit\u00e9 \u00e0 temps complet.<\/p>\n<p class=\"has-primary-color has-text-color has-link-color wp-elements-8a6e16d47c5d621becaedfadbc66ca84\"><strong>Pour les charg\u00e9s de client\u00e8le rempla\u00e7ants<\/strong> <\/p>\n<p>Indemnit\u00e9 de remplacement \u00e0 hauteur de 5 euros bruts pour les remplacements en zone 1 hors secteur d\u2019affectation.<\/p>\n<p>Durant la premi\u00e8re ann\u00e9e qui suit l\u2019application de la nouvelle instruction, une compensation pourra \u00eatre vers\u00e9e si un diff\u00e9rentiel entre les anciennes mesures et les nouvelles \u00e9tait constat\u00e9.<\/p>\n<p>A la suite du mouvement de gr\u00e8ve du 2 avril, largement suivi par les Charg\u00e9s de Client\u00e8le, l\u2019intersyndicale <strong>CFTC<\/strong>, FO, SUD, CGT sera re\u00e7ue \u00e0 la BGPN le 23 avril sur les sujets suivants :<\/p>\n<p>La mobilit\u00e9 des CC et CCR.<\/p>\n<p>La r\u00e9orientation professionnelle pour les CCR souhaitant quitter la fonction.<\/p>\n<p>La gestion des moyens de remplacement en territoire.<\/p>\n<p>L\u2019organisation des jours de repos et particuli\u00e8rement, le repos du samedi.<\/p>\n<p>La reconnaissance des m\u00e9tiers de CC et CCR.<\/p>\n<p class=\"has-danger-color has-text-color has-link-color wp-elements-992daf0d6f6b0abc3a9ec0a9c8a9e6c5\"><strong>Retour sur les d\u00e9placements:<\/strong><\/p>\n<p><strong>Charg\u00e9s de Client\u00e8le :<\/strong><\/p>\n<p>De 0 \u00e0 20 km : Obligatoires sur le secteur, sauf d\u00e9rogation exceptionnelle. Sur volontariat hors secteur. Indemnisation de 5 euros bruts si d\u00e9placement hors secteur.<\/p>\n<p>De 20 \u00e0 30 km : Sur volontariat. Indemnisation de 8 euros bruts.<\/p>\n<p>De 30 \u00e0 40 km : Sur volontariat. Indemnisation de 12 euros bruts.<\/p>\n<p>De 40 \u00e0 60 km : Sur volontariat. Indemnisation de 16 euros bruts.<\/p>\n<p><strong>Charg\u00e9s de Client\u00e8le Rempla\u00e7ants :<\/strong><\/p>\n<p>De 0 \u00e0 20 km : Indemnisation de 5 euros bruts si d\u00e9placement hors secteur<\/p>\n<p>De 20 \u00e0 30 km : Indemnisation de 8 euros bruts.<\/p>\n<p>De 30 \u00e0 40 km : Indemnisation de 12 euros bruts<\/p>\n<p>De 40 \u00e0 60 km : Indemnisation de 16 euros bruts, repas pris en charge au taux habituel.<\/p>\n<p>Les indemnisations s\u2019entendent en plus des indemnit\u00e9s kilom\u00e9triques.<\/p>\n<p class=\"has-text-align-center has-primary-color has-text-color has-link-color wp-elements-9c953cd5efd99b469fbbbcf133b1e621\"><strong>LA CFTC S\u2019ENGAGE AUPRES DES POSTIERS POUR LES CONDITIONS DE TRAVAIL ET LE MAINTIEN DU POUVOIR D\u2019ACHAT !<\/strong><\/p>\n<p>L\u2019article <a href=\"https:\/\/www.cftcmediaplus.fr\/postes\/bgpn-organisation-de-lactivite-en-bureau-de-poste\/\">BGPN, ORGANISATION DE L\u2019ACTIVIT\u00c9 EN BUREAU DE POSTE<\/a> est apparu en premier sur <a href=\"https:\/\/www.cftcmediaplus.fr\/\">CFTC Media Plus<\/a>.<\/p>\n","protected":false},"excerpt":{"rendered":"<p>Nouvelles dispositions pour les charg\u00e9s de client\u00e8le Les d\u00e9placements inter-secteurs ne seront plus obligatoires. L\u2019intervention \u00e0 plus de 20 km sera sur la base du volontariat, mais un \u00e9largissement exceptionnel sera possible si l\u2019activit\u00e9 de cette zone ne permet pas l\u2019activit\u00e9 \u00e0 temps complet. Pour les charg\u00e9s de client\u00e8le rempla\u00e7ants Indemnit\u00e9 de remplacement \u00e0 hauteur [&hellip;]<\/p>\n","protected":false},"author":0,"featured_media":0,"comment_status":"open","ping_status":"open","sticky":false,"template":"","format":"standard","meta":[],"categories":[1],"tags":[],"_links":{"self":[{"href":"https:\/\/cftc-syntec.fr\/testimport\/wp-json\/wp\/v2\/posts\/4880"}],"collection":[{"href":"https:\/\/cftc-syntec.fr\/testimport\/wp-json\/wp\/v2\/posts"}],"about":[{"href":"https:\/\/cftc-syntec.fr\/testimport\/wp-json\/wp\/v2\/types\/post"}],"replies":[{"embeddable":true,"href":"https:\/\/cftc-syntec.fr\/testimport\/wp-json\/wp\/v2\/comments?post=4880"}],"version-history":[{"count":0,"href":"https:\/\/cftc-syntec.fr\/testimport\/wp-json\/wp\/v2\/posts\/4880\/revisions"}],"wp:attachment":[{"href":"https:\/\/cftc-syntec.fr\/testimport\/wp-json\/wp\/v2\/media?parent=4880"}],"wp:term":[{"taxonomy":"category","embeddable":true,"href":"https:\/\/cftc-syntec.fr\/testimport\/wp-json\/wp\/v2\/categories?post=4880"},{"taxonomy":"post_tag","embeddable":true,"href":"https:\/\/cftc-syntec.fr\/testimport\/wp-json\/wp\/v2\/tags?post=4880"}],"curies":[{"name":"wp","href":"https:\/\/api.w.org\/{rel}","templated":true}]}}