{"id":4882,"date":"2024-04-19T09:36:15","date_gmt":"2024-04-19T07:36:15","guid":{"rendered":"https:\/\/cftc-syntec.fr\/testimport\/un-guide-de-la-cftc-pour-concilier-ses-temps-de-vie\/"},"modified":"2024-04-19T09:36:15","modified_gmt":"2024-04-19T07:36:15","slug":"un-guide-de-la-cftc-pour-concilier-ses-temps-de-vie","status":"publish","type":"post","link":"https:\/\/cftc-syntec.fr\/testimport\/un-guide-de-la-cftc-pour-concilier-ses-temps-de-vie\/","title":{"rendered":"UN GUIDE DE LA CFTC POUR CONCILIER SES \u00ab TEMPS DE VIE \u00bb"},"content":{"rendered":"<p><strong>Ne laissez pas le stress et la surcharge de travail compromettre votre bien-\u00eatre. Pour vous aider \u00e0 trouver l\u2019harmonie entre vie professionnelle et personnelle la CFTC a con\u00e7u un guide pratique : Conciliation des Temps de Vie.<\/strong><\/p>\n<p>Saviez-vous que 95% des salari\u00e9s consid\u00e8rent que l\u2019\u00e9quilibre des temps de vie est un sujet de pr\u00e9occupation important voire tr\u00e8s important ? C\u2019est pourquoi nous sommes ravis de vous pr\u00e9senter un guide pratique sur la conciliation des temps de vie con\u00e7u pour vous aider \u00e0 naviguer avec r\u00e9ussite entre vos responsabilit\u00e9s professionnelles et personnelles.<\/p>\n<p>Ce que vous trouverez dans ce guide CFTC :<\/p>\n<p>Des astuces pratiques sur la gestion du temps, la priorisation des t\u00e2ches et la gestion du stress pour maintenir un \u00e9quilibre sain de votre vie quotidienne.<\/p>\n<p>Comment vous engager dans des activit\u00e9s syndicales ou citoyennes tout en maintenant<br \/>votre emploi et vos avantages.<\/p>\n<p>Comment n\u00e9gocier des horaires de travail flexibles et tirer parti du t\u00e9l\u00e9travail pour mieux concilier vie professionnelle et personnelle.<\/p>\n<p>Les diff\u00e9rentes options de cong\u00e9s dont vous pouvez b\u00e9n\u00e9ficier (cong\u00e9s politiques, de proche<br \/>aidant, d\u2019adoption, etc.)<\/p>\n<p>Les propositions de la CFTC pour une meilleure conciliation.<\/p>\n<p>L\u2019article <a href=\"https:\/\/www.cftcmediaplus.fr\/syndicats\/un-guide-de-la-cftc-pour-concilier-ses-temps-de-vie\/\">UN GUIDE DE LA CFTC POUR CONCILIER SES \u00ab TEMPS DE VIE \u00bb<\/a> est apparu en premier sur <a href=\"https:\/\/www.cftcmediaplus.fr\/\">CFTC Media Plus<\/a>.<\/p>\n","protected":false},"excerpt":{"rendered":"<p>Ne laissez pas le stress et la surcharge de travail compromettre votre bien-\u00eatre. Pour vous aider \u00e0 trouver l\u2019harmonie entre vie professionnelle et personnelle la CFTC a con\u00e7u un guide pratique : Conciliation des Temps de Vie. Saviez-vous que 95% des salari\u00e9s consid\u00e8rent que l\u2019\u00e9quilibre des temps de vie est un sujet de pr\u00e9occupation important [&hellip;]<\/p>\n","protected":false},"author":0,"featured_media":0,"comment_status":"open","ping_status":"open","sticky":false,"template":"","format":"standard","meta":[],"categories":[1],"tags":[],"_links":{"self":[{"href":"https:\/\/cftc-syntec.fr\/testimport\/wp-json\/wp\/v2\/posts\/4882"}],"collection":[{"href":"https:\/\/cftc-syntec.fr\/testimport\/wp-json\/wp\/v2\/posts"}],"about":[{"href":"https:\/\/cftc-syntec.fr\/testimport\/wp-json\/wp\/v2\/types\/post"}],"replies":[{"embeddable":true,"href":"https:\/\/cftc-syntec.fr\/testimport\/wp-json\/wp\/v2\/comments?post=4882"}],"version-history":[{"count":0,"href":"https:\/\/cftc-syntec.fr\/testimport\/wp-json\/wp\/v2\/posts\/4882\/revisions"}],"wp:attachment":[{"href":"https:\/\/cftc-syntec.fr\/testimport\/wp-json\/wp\/v2\/media?parent=4882"}],"wp:term":[{"taxonomy":"category","embeddable":true,"href":"https:\/\/cftc-syntec.fr\/testimport\/wp-json\/wp\/v2\/categories?post=4882"},{"taxonomy":"post_tag","embeddable":true,"href":"https:\/\/cftc-syntec.fr\/testimport\/wp-json\/wp\/v2\/tags?post=4882"}],"curies":[{"name":"wp","href":"https:\/\/api.w.org\/{rel}","templated":true}]}}