{"id":4883,"date":"2024-04-22T10:41:16","date_gmt":"2024-04-22T08:41:16","guid":{"rendered":"https:\/\/cftc-syntec.fr\/testimport\/le-teletravail-revolution-du-monde-professionnel-ou-simple-pratique-temporaire\/"},"modified":"2024-04-22T10:41:16","modified_gmt":"2024-04-22T08:41:16","slug":"le-teletravail-revolution-du-monde-professionnel-ou-simple-pratique-temporaire","status":"publish","type":"post","link":"https:\/\/cftc-syntec.fr\/testimport\/le-teletravail-revolution-du-monde-professionnel-ou-simple-pratique-temporaire\/","title":{"rendered":"LE T\u00c9L\u00c9TRAVAIL : R\u00c9VOLUTION DU MONDE PROFESSIONNEL OU SIMPLE PRATIQUE TEMPORAIRE ?"},"content":{"rendered":"<div class=\"wp-block-image\">\n<\/div>\n<p class=\"has-primary-color has-text-color has-link-color wp-elements-10753354daac7f127c5e089e89194242\"><strong>La pratique du t\u00e9l\u00e9travail a explos\u00e9 depuis la pand\u00e9mie du Covid-19 dans les secteurs qui le permettent. En 2023, 47% des entreprises l\u2019ont int\u00e9gr\u00e9 \u00e0 leur fonctionnement de mani\u00e8re partielle ou totale. N\u00e9anmoins, le t\u00e9l\u00e9travail n\u2019est pas un droit pour le salari\u00e9. En effet, c\u2019est \u00e0 l\u2019employeur de convenir s\u2019il souhaite int\u00e9grer le travail \u00e0 un poste ou non. Cependant, les demandeurs d\u2019emploi sont de plus en plus nombreux \u00e0 consid\u00e9rer le t\u00e9l\u00e9travail comme un crit\u00e8re de recherche, et celui-ci est de plus en plus mis en avant par les entreprises afin d\u2019attirer et de fid\u00e9liser des talents.<\/strong><\/p>\n<p class=\"has-primary-color has-text-color has-link-color wp-elements-f53d0f2000e7e509d3e7c91eff2b425b\">\n<p>Les b\u00e9n\u00e9fices du t\u00e9l\u00e9travail sont multiples, tant pour les entreprises que pour les employ\u00e9s.<\/p>\n<p><strong>Pour les entreprises il permet :<\/strong><br \/>\u2022 une augmentation de la productivit\u00e9,<br \/>\u2022 des \u00e9conomies d\u2019\u00e9chelle sur les locaux et les <br \/>d\u00e9penses courantes,<br \/>\u2022 une am\u00e9lioration de la qualit\u00e9 de vie au travail pour <br \/>les employ\u00e9s, ce qui se traduit par une motivation <br \/>et une implication accrue,<br \/>\u2022 une r\u00e9duction de l\u2019absent\u00e9isme.<\/p>\n<div class=\"wp-block-group\">\n<div class=\"wp-block-columns\">\n<div class=\"wp-block-column\">\n<p><strong>Pour les employ\u00e9s il permet :<\/strong> <br \/>\u2022 des \u00e9conomies de temps et d\u2019argent,<br \/>\u2022 une meilleure gestion du temps de travail,<br \/>\u2022 une plus grande autonomie dans la gestion des t\u00e2ches,<br \/>\u2022 une diminution de la fatigue,<br \/>\u2022 une meilleure concentration entra\u00eenant une <br \/>meilleure productivit\u00e9.<\/p>\n<p>Bien que cette pratique pr\u00e9sente de nombreux avantages en faveur des salari\u00e9s, ceux-ci peuvent \u00e9galement \u00eatre confront\u00e9s \u00e0 des <strong>risques psychosociaux (RPS)<\/strong> tels que :<br \/>\u2022 l\u2019isolement,<br \/>\u2022 le manque de sociabilit\u00e9, <br \/>\u2022 le d\u00e9veloppement d\u2019addiction (alcool, cannabis, <br \/>jeux vid\u00e9o\u2026), <br \/>\u2022 la s\u00e9dentarit\u00e9.<\/p>\n<p>Les employeurs, eux, doivent s\u2019adapter \u00e0 la gestion \u00e0 distance de leurs \u00e9quipes, se montrer plus flexibles et \u00eatre davantage \u00e0 l\u2019\u00e9coute de leurs salari\u00e9s, ce qui demande une \u00e9volution des comp\u00e9tences en mati\u00e8re de management et de communication. De plus, la n\u00e9cessit\u00e9 de s\u00e9curiser les \u00e9changes et de prot\u00e9ger les donn\u00e9es devient essentielle dans un contexte o\u00f9 les limites entre la sph\u00e8re professionnelle et personnelle sont de plus en plus floues.<\/p>\n<p>Ce nouveau mode de fonctionnement a \u00e9t\u00e9 si bien accept\u00e9 que de nombreux employ\u00e9s h\u00e9sitent maintenant \u00e0 revenir au bureau. Le t\u00e9l\u00e9travail ne serait-il pas d\u00e9sormais devenu la condition sine qua non pour l\u2019acceptation d\u2019un emploi ?<\/p>\n<p><!-- \/wp:freeform --><\/p>\n<\/div>\n<p><!-- \/wp:column --><\/p>\n<\/div>\n<p><!-- \/wp:columns --><\/p>\n<\/div>\n<p><!-- \/wp:group --><\/p>\n<p>L\u2019article <a href=\"https:\/\/www.cftcmediaplus.fr\/syndicats\/le-teletravail-revolution-du-monde-professionnel-ou-simple-pratique-temporaire\/\">LE T\u00c9L\u00c9TRAVAIL : R\u00c9VOLUTION DU MONDE PROFESSIONNEL OU SIMPLE PRATIQUE TEMPORAIRE ?<\/a> est apparu en premier sur <a href=\"https:\/\/www.cftcmediaplus.fr\/\">CFTC Media Plus<\/a>.<\/p>\n","protected":false},"excerpt":{"rendered":"<p>La pratique du t\u00e9l\u00e9travail a explos\u00e9 depuis la pand\u00e9mie du Covid-19 dans les secteurs qui le permettent. En 2023, 47% des entreprises l\u2019ont int\u00e9gr\u00e9 \u00e0 leur fonctionnement de mani\u00e8re partielle ou totale. N\u00e9anmoins, le t\u00e9l\u00e9travail n\u2019est pas un droit pour le salari\u00e9. En effet, c\u2019est \u00e0 l\u2019employeur de convenir s\u2019il souhaite int\u00e9grer le travail \u00e0 [&hellip;]<\/p>\n","protected":false},"author":0,"featured_media":0,"comment_status":"open","ping_status":"open","sticky":false,"template":"","format":"standard","meta":[],"categories":[1],"tags":[],"_links":{"self":[{"href":"https:\/\/cftc-syntec.fr\/testimport\/wp-json\/wp\/v2\/posts\/4883"}],"collection":[{"href":"https:\/\/cftc-syntec.fr\/testimport\/wp-json\/wp\/v2\/posts"}],"about":[{"href":"https:\/\/cftc-syntec.fr\/testimport\/wp-json\/wp\/v2\/types\/post"}],"replies":[{"embeddable":true,"href":"https:\/\/cftc-syntec.fr\/testimport\/wp-json\/wp\/v2\/comments?post=4883"}],"version-history":[{"count":0,"href":"https:\/\/cftc-syntec.fr\/testimport\/wp-json\/wp\/v2\/posts\/4883\/revisions"}],"wp:attachment":[{"href":"https:\/\/cftc-syntec.fr\/testimport\/wp-json\/wp\/v2\/media?parent=4883"}],"wp:term":[{"taxonomy":"category","embeddable":true,"href":"https:\/\/cftc-syntec.fr\/testimport\/wp-json\/wp\/v2\/categories?post=4883"},{"taxonomy":"post_tag","embeddable":true,"href":"https:\/\/cftc-syntec.fr\/testimport\/wp-json\/wp\/v2\/tags?post=4883"}],"curies":[{"name":"wp","href":"https:\/\/api.w.org\/{rel}","templated":true}]}}