{"id":4892,"date":"2024-04-30T17:49:26","date_gmt":"2024-04-30T15:49:26","guid":{"rendered":"https:\/\/cftc-syntec.fr\/testimport\/une-minute-avec-cyril-c-parlons-remuneration-et-ecarts-de-salaire\/"},"modified":"2024-04-30T17:49:26","modified_gmt":"2024-04-30T15:49:26","slug":"une-minute-avec-cyril-c-parlons-remuneration-et-ecarts-de-salaire","status":"publish","type":"post","link":"https:\/\/cftc-syntec.fr\/testimport\/une-minute-avec-cyril-c-parlons-remuneration-et-ecarts-de-salaire\/","title":{"rendered":"Une minute avec Cyril.C : parlons r\u00e9mun\u00e9ration et \u00e9carts de salaire"},"content":{"rendered":"<p>Cet article <a href=\"https:\/\/www.cftc.fr\/actualites\/evenement\/une-minute-avec-cyril-c-parlons-remuneration-et-ecarts-de-salaire\">Une minute avec Cyril.C : parlons r\u00e9mun\u00e9ration et \u00e9carts de salaire<\/a> est apparu en premier sur <a href=\"https:\/\/www.cftc.fr\/\">CFTC<\/a>.<\/p>\n","protected":false},"excerpt":{"rendered":"<p>Cet article Une minute avec Cyril.C : parlons r\u00e9mun\u00e9ration et \u00e9carts de salaire est apparu en premier sur CFTC.<\/p>\n","protected":false},"author":0,"featured_media":0,"comment_status":"open","ping_status":"open","sticky":false,"template":"","format":"standard","meta":[],"categories":[1],"tags":[],"_links":{"self":[{"href":"https:\/\/cftc-syntec.fr\/testimport\/wp-json\/wp\/v2\/posts\/4892"}],"collection":[{"href":"https:\/\/cftc-syntec.fr\/testimport\/wp-json\/wp\/v2\/posts"}],"about":[{"href":"https:\/\/cftc-syntec.fr\/testimport\/wp-json\/wp\/v2\/types\/post"}],"replies":[{"embeddable":true,"href":"https:\/\/cftc-syntec.fr\/testimport\/wp-json\/wp\/v2\/comments?post=4892"}],"version-history":[{"count":0,"href":"https:\/\/cftc-syntec.fr\/testimport\/wp-json\/wp\/v2\/posts\/4892\/revisions"}],"wp:attachment":[{"href":"https:\/\/cftc-syntec.fr\/testimport\/wp-json\/wp\/v2\/media?parent=4892"}],"wp:term":[{"taxonomy":"category","embeddable":true,"href":"https:\/\/cftc-syntec.fr\/testimport\/wp-json\/wp\/v2\/categories?post=4892"},{"taxonomy":"post_tag","embeddable":true,"href":"https:\/\/cftc-syntec.fr\/testimport\/wp-json\/wp\/v2\/tags?post=4892"}],"curies":[{"name":"wp","href":"https:\/\/api.w.org\/{rel}","templated":true}]}}