{"id":4909,"date":"2024-06-10T15:18:51","date_gmt":"2024-06-10T13:18:51","guid":{"rendered":"https:\/\/cftc-syntec.fr\/testimport\/comptes-de-la-securite-sociale-le-deficit-nest-pas-une-fatalite-lausterite-non-plus\/"},"modified":"2024-06-10T15:18:51","modified_gmt":"2024-06-10T13:18:51","slug":"comptes-de-la-securite-sociale-le-deficit-nest-pas-une-fatalite-lausterite-non-plus","status":"publish","type":"post","link":"https:\/\/cftc-syntec.fr\/testimport\/comptes-de-la-securite-sociale-le-deficit-nest-pas-une-fatalite-lausterite-non-plus\/","title":{"rendered":"Comptes de la S\u00e9curit\u00e9 sociale : le d\u00e9ficit n\u2019est pas une fatalit\u00e9, l\u2019aust\u00e9rit\u00e9 non plus"},"content":{"rendered":"<p>Cet article <a href=\"https:\/\/www.cftc.fr\/actualites\/comptes-de-la-securite-sociale-le-deficit-nest-pas-une-fatalite-lausterite-non-plus\">Comptes de la S\u00e9curit\u00e9 sociale : le d\u00e9ficit n\u2019est pas une fatalit\u00e9, l\u2019aust\u00e9rit\u00e9 non plus<\/a> est apparu en premier sur <a href=\"https:\/\/www.cftc.fr\/\">CFTC<\/a>.<\/p>\n","protected":false},"excerpt":{"rendered":"<p>Cet article Comptes de la S\u00e9curit\u00e9 sociale : le d\u00e9ficit n\u2019est pas une fatalit\u00e9, l\u2019aust\u00e9rit\u00e9 non plus est apparu en premier sur CFTC.<\/p>\n","protected":false},"author":0,"featured_media":0,"comment_status":"open","ping_status":"open","sticky":false,"template":"","format":"standard","meta":[],"categories":[1],"tags":[],"_links":{"self":[{"href":"https:\/\/cftc-syntec.fr\/testimport\/wp-json\/wp\/v2\/posts\/4909"}],"collection":[{"href":"https:\/\/cftc-syntec.fr\/testimport\/wp-json\/wp\/v2\/posts"}],"about":[{"href":"https:\/\/cftc-syntec.fr\/testimport\/wp-json\/wp\/v2\/types\/post"}],"replies":[{"embeddable":true,"href":"https:\/\/cftc-syntec.fr\/testimport\/wp-json\/wp\/v2\/comments?post=4909"}],"version-history":[{"count":0,"href":"https:\/\/cftc-syntec.fr\/testimport\/wp-json\/wp\/v2\/posts\/4909\/revisions"}],"wp:attachment":[{"href":"https:\/\/cftc-syntec.fr\/testimport\/wp-json\/wp\/v2\/media?parent=4909"}],"wp:term":[{"taxonomy":"category","embeddable":true,"href":"https:\/\/cftc-syntec.fr\/testimport\/wp-json\/wp\/v2\/categories?post=4909"},{"taxonomy":"post_tag","embeddable":true,"href":"https:\/\/cftc-syntec.fr\/testimport\/wp-json\/wp\/v2\/tags?post=4909"}],"curies":[{"name":"wp","href":"https:\/\/api.w.org\/{rel}","templated":true}]}}