{"id":4917,"date":"2024-06-20T11:49:40","date_gmt":"2024-06-20T09:49:40","guid":{"rendered":"https:\/\/cftc-syntec.fr\/testimport\/elections-legislatives-2\/"},"modified":"2024-06-20T11:49:40","modified_gmt":"2024-06-20T09:49:40","slug":"elections-legislatives-2","status":"publish","type":"post","link":"https:\/\/cftc-syntec.fr\/testimport\/elections-legislatives-2\/","title":{"rendered":"\u00c9LECTIONS LEGISLATIVES"},"content":{"rendered":"<p class=\"has-text-color has-link-color wp-elements-c2022f61216c17b0941d2b0000b5ad86\"><strong>ALERTE\u00a0: SITUATION EXPLOSIVE\u00a0!<\/strong><\/p>\n<p>\u00c0 la suite de l\u2019annonce du Pr\u00e9sident de la R\u00e9publique ce dimanche soir, les centres courrier sont dans une <strong>situation<\/strong> <strong>explosive<\/strong>\u00a0! En effet, les \u00e9lections l\u00e9gislatives vont venir aggraver une situation d\u00e9j\u00e0 d\u00e9grad\u00e9e. Les facteurs, leurs encadrants et l\u2019ensemble de la ligne manag\u00e9riale se demandent comment ils vont pouvoir faire face ce \u00e0 cette nouvelle \u00e9preuve\u00a0! Inqui\u00e9tude, \u00e9puisement et d\u00e9couragement sont de mise\u00a0!<\/p>\n<p>La <strong>CFTC<\/strong> a obtenu une bilat\u00e9rale d\u2019urgence aupr\u00e8s du DRH de la BSCC, afin de n\u00e9gocier des compensations, mais aussi la mise en place de moyens suppl\u00e9mentaires, y compris logistiques, pour que cette distribution se passe au mieux.<\/p>\n<p>La <strong>CFTC<\/strong> demande\u00a0:<\/p>\n<p>La mise en place de renforts\u00a0;<\/p>\n<p>Le report des r\u00e9organisations pr\u00e9vues \u00e0 la fin de l\u2019\u00e9t\u00e9\u00a0;<\/p>\n<p>La neutralisation de la s\u00e9cabilit\u00e9 pendant la p\u00e9riode de distribution des plis \u00e9lectoraux\u00a0;<\/p>\n<p>Du mat\u00e9riel appropri\u00e9 (les CHM 5 colonnes sont inadapt\u00e9s\u00a0!)\u00a0;<\/p>\n<p>Le paiement <strong>sans<\/strong> <strong>condition<\/strong> de toute heure suppl\u00e9mentaire effectu\u00e9e\u00a0;<\/p>\n<p>Une <strong>prime<\/strong> de <strong>150<\/strong> \u20ac pour tous les personnels impact\u00e9s\u00a0;<\/p>\n<p>La BSCC doit r\u00e9agir afin de ne pas laisser les postiers de la distribution dans une nouvelle situation d\u00e9grad\u00e9e et assainir le climat dans les centres courrier. Sans cela, cette situation explosive pourrait rapidement d\u00e9boucher sur un durcissement du dialogue social.<\/p>\n<p class=\"has-danger-color has-text-color has-link-color wp-elements-170045d99a7597517cf503cad65057d0\"><strong>LA CFTC DEMANDE\u00a0:<\/strong><\/p>\n<p><strong>Prime de 150 \u20ac pour tous les personnels impact\u00e9s.<\/strong><br \/>\n<strong>Cr\u00e9ation de renforts partout o\u00f9 cela sera n\u00e9cessaire jusqu\u2019au 15 juillet pour \u00e9purer les restes.<\/strong><br \/>\n<strong>Report de toute r\u00e9organisation apr\u00e8s l\u2019\u00e9t\u00e9.<\/strong><br \/>\n<strong>Pas de s\u00e9cabilit\u00e9 pendant la p\u00e9riode de distribution des plis \u00e9lectoraux<\/strong><br \/>\n<strong>Gratuit\u00e9 de la restauration pendant la p\u00e9riode de distribution.<\/strong><br \/>\n<strong>Paiement de toute heure suppl\u00e9mentaire effectu\u00e9e sans condition.<\/strong><\/p>\n<p class=\"has-text-color has-link-color wp-elements-b274d1e6b5768f0f260a4e53e6e04b81\"><strong>Pour la CFTC, ces situations exceptionnelles doivent \u00eatre enfin reconnues et compens\u00e9es<\/strong><\/p>\n<p>L\u2019article <a href=\"https:\/\/www.cftcmediaplus.fr\/postes\/elections-legislatives-2\/\">\u00c9LECTIONS LEGISLATIVES<\/a> est apparu en premier sur <a href=\"https:\/\/www.cftcmediaplus.fr\/\">CFTC Media Plus<\/a>.<\/p>\n","protected":false},"excerpt":{"rendered":"<p>ALERTE\u00a0: SITUATION EXPLOSIVE\u00a0! \u00c0 la suite de l\u2019annonce du Pr\u00e9sident de la R\u00e9publique ce dimanche soir, les centres courrier sont dans une situation explosive\u00a0! En effet, les \u00e9lections l\u00e9gislatives vont venir aggraver une situation d\u00e9j\u00e0 d\u00e9grad\u00e9e. Les facteurs, leurs encadrants et l\u2019ensemble de la ligne manag\u00e9riale se demandent comment ils vont pouvoir faire face ce [&hellip;]<\/p>\n","protected":false},"author":0,"featured_media":0,"comment_status":"open","ping_status":"open","sticky":false,"template":"","format":"standard","meta":[],"categories":[1],"tags":[],"_links":{"self":[{"href":"https:\/\/cftc-syntec.fr\/testimport\/wp-json\/wp\/v2\/posts\/4917"}],"collection":[{"href":"https:\/\/cftc-syntec.fr\/testimport\/wp-json\/wp\/v2\/posts"}],"about":[{"href":"https:\/\/cftc-syntec.fr\/testimport\/wp-json\/wp\/v2\/types\/post"}],"replies":[{"embeddable":true,"href":"https:\/\/cftc-syntec.fr\/testimport\/wp-json\/wp\/v2\/comments?post=4917"}],"version-history":[{"count":0,"href":"https:\/\/cftc-syntec.fr\/testimport\/wp-json\/wp\/v2\/posts\/4917\/revisions"}],"wp:attachment":[{"href":"https:\/\/cftc-syntec.fr\/testimport\/wp-json\/wp\/v2\/media?parent=4917"}],"wp:term":[{"taxonomy":"category","embeddable":true,"href":"https:\/\/cftc-syntec.fr\/testimport\/wp-json\/wp\/v2\/categories?post=4917"},{"taxonomy":"post_tag","embeddable":true,"href":"https:\/\/cftc-syntec.fr\/testimport\/wp-json\/wp\/v2\/tags?post=4917"}],"curies":[{"name":"wp","href":"https:\/\/api.w.org\/{rel}","templated":true}]}}