{"id":4918,"date":"2024-06-20T11:49:40","date_gmt":"2024-06-20T09:49:40","guid":{"rendered":"https:\/\/cftc-syntec.fr\/testimport\/direction-des-sieges-du-groupe-la-poste-en-ile-de-france\/"},"modified":"2024-06-20T11:49:40","modified_gmt":"2024-06-20T09:49:40","slug":"direction-des-sieges-du-groupe-la-poste-en-ile-de-france","status":"publish","type":"post","link":"https:\/\/cftc-syntec.fr\/testimport\/direction-des-sieges-du-groupe-la-poste-en-ile-de-france\/","title":{"rendered":"Direction des si\u00e8ges du Groupe La Poste en \u00cele-de-France"},"content":{"rendered":"<p class=\"has-text-color has-link-color wp-elements-fa9912c5de6d50ef42736310ef90cefb\"><strong>JO 2024\u00a0: PAS DE CONG\u00c9S FORC\u00c9S\u00a0!<\/strong><\/p>\n<p>Dans le cadre des Jeux Olympiques 2024 il y avait d\u00e9j\u00e0 l\u2019annonce de l\u2019augmentation des prix des transports, des h\u00f4tels, des locations, des mus\u00e9es, etc. Comme si cela ne suffisait pas, les coll\u00e8gues des Directions des Si\u00e8ges du Groupe La Poste en \u00cele de France, ont \u00e9t\u00e9 inform\u00e9s qu\u2019il leur est demand\u00e9 de poser au moins <strong>trois semaines de cong\u00e9s <\/strong>dans la p\u00e9riode du<strong> 15 juillet au 30 ao\u00fbt 2024\u00a0!<\/strong><strong><\/strong><\/p>\n<p>La Poste pr\u00e9cise que les cong\u00e9s d\u2019\u00e9t\u00e9 pris en dehors de cette p\u00e9riode devront rester exceptionnels ou justifi\u00e9s par des raisons de continuit\u00e9 de service\u00a0!<\/p>\n<p><strong>La CFTC<\/strong> consid\u00e8re que les coll\u00e8gues qui vont subir un certain nombre de d\u00e9sagr\u00e9ments li\u00e9s \u00e0 l\u2019organisation des JO n\u2019ont pas \u00e0 subir en plus des imp\u00e9ratifs concernant leurs dates de cong\u00e9s, <strong>dans la p\u00e9riode o\u00f9 les vacances sont les plus ch\u00e8res<\/strong>\u00a0! Ces mesures sont une intrusion dans l\u2019organisation de la vie priv\u00e9e et familiale des coll\u00e8gues\u00a0! Elles sont de plus contraires \u00e0 l\u2019accord La Poste engag\u00e9e avec les postiers dont elle est signataire. Cet accord offre la possibilit\u00e9 de prendre 3 semaines cons\u00e9cutives mais n\u2019en donne pas l\u2019obligation\u00a0!<\/p>\n<p>Le fait de prendre trois semaines en \u00e9t\u00e9 peut \u00e9galement avoir un impact sur le nombre de jours de bonifications, directement li\u00e9 au nombre de jours de cong\u00e9s pris hors p\u00e9riode estivale.<\/p>\n<p><strong>La CFTC<\/strong> comprend la volont\u00e9 de La Poste, de lutter contre les difficult\u00e9s de circulation et \u00e0 la saturation des transports. La CFTC demande \u00e0 La Poste d\u2019<strong>\u00e9largir les possibilit\u00e9s de t\u00e9l\u00e9travail<\/strong>, comme c\u2019est le cas dans d\u2019autres entreprises. Une solution simple, pr\u00e9conis\u00e9e par le gouvernement, adapt\u00e9e et respectueuse des droits des postiers\u00a0!<\/p>\n<p class=\"has-text-color has-link-color wp-elements-7f4cb530baca1d66434068a48557b923\"><strong>LA CFTC SOUHAITE QUE LES JO RESTENT UNE F\u00caTE, MAIS PAS UNE PRISE DE T\u00caTE POUR LES POSTIERS !<\/strong><\/p>\n<p class=\"has-danger-color has-text-color has-link-color wp-elements-15581091c77fbbc9370bed2d40a9dc06\"><strong>RAPPEL SUR LES CONG<\/strong><strong>\u00c9<\/strong><strong>S\u00a0:<\/strong><strong><\/strong><\/p>\n<p><strong>Dur\u00e9e\u00a0<\/strong>: Tout agent a le droit \u00e0 5 fois la dur\u00e9e des obligations hebdomadaires de travail (soit 25 jours s\u2019il travaille sur 5 jours, ou 30 jours s\u2019il travaille sur 6 jours).<br \/>\n<strong>Bonifications (BONI)\u00a0: <\/strong>Les bonis sont attribu\u00e9s en octobre, en fonction du nombre de jours pris hors p\u00e9riode estivale (du 1re mai au 30 septembre)\u00a0:<br \/>\n8 jours ou plus\u00a0: 2 bonis<\/p>\n<p>5, 6 ou 7 jours\u00a0: 1 boni<\/p>\n<p>4 ou moins\u00a0: 0 boni<br \/>\n<strong>Repos Exceptionnels (RE)\u00a0: <\/strong>Les RE sont attribu\u00e9es le 1er novembre de l\u2019ann\u00e9e N. Ils doivent \u00eatre pris avant le 30 avril de l\u2019ann\u00e9e N+1. Il en est attribu\u00e9 4 pour une ann\u00e9e, dont 1 pour la journ\u00e9e de solidarit\u00e9.<br \/>\n<strong>Jours de p\u00e9nibilit\u00e9 seniors\u00a0:<\/strong> Chaque postier \u00e2g\u00e9 de 55 ans et plus, occupant des fonctions reconnues comme expos\u00e9es \u00e0 la p\u00e9nibilit\u00e9, b\u00e9n\u00e9ficie de 3 \u00e0 5 jours de repos suppl\u00e9mentaires.<br \/>\n<strong>Don de cong\u00e9s\u00a0:<\/strong> Tout postier a la possibilit\u00e9 de donner des jours de repos, tout au long de l\u2019ann\u00e9e. Ces jours sont cr\u00e9dit\u00e9s au Fonds de Solidarit\u00e9 Aidants, et allou\u00e9s \u00e0 des postiers aidants qui en font la demande. <\/p>\n<p class=\"has-text-color has-link-color wp-elements-605792244a76909e10b7b7402bea8389\"><strong>Pour la CFTC les cong\u00e9s contribuent \u00e0 l\u2019\u00e9quilibre vie pro vie priv\u00e9e, et ne doivent pas devenir une contrainte !<\/strong><\/p>\n<p>L\u2019article <a href=\"https:\/\/www.cftcmediaplus.fr\/postes\/direction-des-sieges-du-groupe-la-poste-en-ile-de-france\/\">Direction des si\u00e8ges du Groupe La Poste en \u00cele-de-France<\/a> est apparu en premier sur <a href=\"https:\/\/www.cftcmediaplus.fr\/\">CFTC Media Plus<\/a>.<\/p>\n","protected":false},"excerpt":{"rendered":"<p>JO 2024\u00a0: PAS DE CONG\u00c9S FORC\u00c9S\u00a0! Dans le cadre des Jeux Olympiques 2024 il y avait d\u00e9j\u00e0 l\u2019annonce de l\u2019augmentation des prix des transports, des h\u00f4tels, des locations, des mus\u00e9es, etc. Comme si cela ne suffisait pas, les coll\u00e8gues des Directions des Si\u00e8ges du Groupe La Poste en \u00cele de France, ont \u00e9t\u00e9 inform\u00e9s qu\u2019il [&hellip;]<\/p>\n","protected":false},"author":0,"featured_media":0,"comment_status":"open","ping_status":"open","sticky":false,"template":"","format":"standard","meta":[],"categories":[1],"tags":[],"_links":{"self":[{"href":"https:\/\/cftc-syntec.fr\/testimport\/wp-json\/wp\/v2\/posts\/4918"}],"collection":[{"href":"https:\/\/cftc-syntec.fr\/testimport\/wp-json\/wp\/v2\/posts"}],"about":[{"href":"https:\/\/cftc-syntec.fr\/testimport\/wp-json\/wp\/v2\/types\/post"}],"replies":[{"embeddable":true,"href":"https:\/\/cftc-syntec.fr\/testimport\/wp-json\/wp\/v2\/comments?post=4918"}],"version-history":[{"count":0,"href":"https:\/\/cftc-syntec.fr\/testimport\/wp-json\/wp\/v2\/posts\/4918\/revisions"}],"wp:attachment":[{"href":"https:\/\/cftc-syntec.fr\/testimport\/wp-json\/wp\/v2\/media?parent=4918"}],"wp:term":[{"taxonomy":"category","embeddable":true,"href":"https:\/\/cftc-syntec.fr\/testimport\/wp-json\/wp\/v2\/categories?post=4918"},{"taxonomy":"post_tag","embeddable":true,"href":"https:\/\/cftc-syntec.fr\/testimport\/wp-json\/wp\/v2\/tags?post=4918"}],"curies":[{"name":"wp","href":"https:\/\/api.w.org\/{rel}","templated":true}]}}