{"id":4919,"date":"2024-06-20T11:49:40","date_gmt":"2024-06-20T09:49:40","guid":{"rendered":"https:\/\/cftc-syntec.fr\/testimport\/jeux-olympiques\/"},"modified":"2024-06-20T11:49:40","modified_gmt":"2024-06-20T09:49:40","slug":"jeux-olympiques","status":"publish","type":"post","link":"https:\/\/cftc-syntec.fr\/testimport\/jeux-olympiques\/","title":{"rendered":"JEUX OLYMPIQUES"},"content":{"rendered":"<p class=\"has-text-color has-link-color has-medium-font-size wp-elements-679c0be841720441305f660567dd4753\"><strong>La CFTC demande une prime JO pour les postiers !<\/strong><\/p>\n<p><strong>De nombreuses difficult\u00e9s en perspective\u00a0!<\/strong><\/p>\n<p><strong>Les postiers auront du mal \u00e0 se rendre sur leur lieu de travail<\/strong> du fait des stations de m\u00e9tro ferm\u00e9es sur les lignes 1, 8, 12 et 13, Tram T2 et T3. Les correspondances vont \u00eatre compliqu\u00e9es\u00a0!<\/p>\n<p><strong>Restrictions de circulation\u00a0<\/strong>: sur les autoroutes A1, A12, A13, A14, et sur le p\u00e9riph\u00e9rique. Sans compter les voies r\u00e9serv\u00e9es\u00a0!<\/p>\n<p><strong>Zones r\u00e9serv\u00e9es<\/strong>\u00a0: bleues ou rouges, toutes auront un impact diff\u00e9rent sur la possibilit\u00e9 d\u2019acc\u00e9der \u00e0 son lieu de travail et sur l\u2019exercice de son activit\u00e9 postale.<\/p>\n<p><strong>Adaptation des horaires<\/strong> de distribution et collectes, horaires de prise de service dans les bureaux en fonction des \u00e9v\u00e8nements, sans compter la r\u00e9gulation entre JO et Jeux Paralympiques.<\/p>\n<p><strong>Plusieurs zones concern\u00e9es<\/strong>\u00a0: <strong>Paris\u00a0<\/strong>(Parc des Princes, Porte de la Chapelle, Trocad\u00e9ro, Concorde), <strong>92 <\/strong>(Nanterre, Colombes), <strong>93 <\/strong>(St-Denis, Le Bourget, Villepinte), <strong>78 <\/strong>(Versailles, Elancourt, Guyancourt, Montigny), <strong>77 <\/strong>(Vaires sur Marne).<\/p>\n<p>D\u2019autres entreprises ont pr\u00e9vu une prime pour compenser les difficult\u00e9s auxquelles vont \u00eatre confront\u00e9es le personnel pendant la p\u00e9riode. Sont concern\u00e9s\u00a0: Police, Gendarmerie, conducteurs RATP, SNCF, AP-HP, agents publics. <strong>Pourquoi les postiers sont-ils oubli\u00e9s, une fois de plus\u00a0?<\/strong><\/p>\n<p class=\"has-danger-color has-text-color has-link-color wp-elements-4704e370e9b77c156b3102096fe76f4d\"><strong>La CFTC demande\u00a0:<\/strong><\/p>\n<p><strong>Une prime pour les postiers impact\u00e9s par l\u2019organisation des JO en IDF.<\/strong><br \/>\n<strong>La priorisation du t\u00e9l\u00e9travail pendant toute la p\u00e9riode des Jeux, y compris les Jeux Paralympiques.<\/strong><br \/>\n<strong>Le respect des accords sign\u00e9s, notamment sur la non-imposition des cong\u00e9s en p\u00e9riode estivale.<\/strong><br \/>\n<strong>De la souplesse dans les organisations pour tenir compte de toutes les restrictions de circulation.<\/strong><\/p>\n<p class=\"has-text-color has-link-color wp-elements-58e051c4a95e294995a4d4c6d81f2435\"><strong>LA CFTC S\u2019ENGAGE AUPRES DES POSTIERS<\/strong> <strong>POUR LES CONDITIONS DE TRAVAIL<\/strong> <strong>ET LE MAINTIEN DU POUVOIR D\u2019ACHAT\u00a0!<\/strong><\/p>\n<p>L\u2019article <a href=\"https:\/\/www.cftcmediaplus.fr\/postes\/jeux-olympiques\/\">JEUX OLYMPIQUES<\/a> est apparu en premier sur <a href=\"https:\/\/www.cftcmediaplus.fr\/\">CFTC Media Plus<\/a>.<\/p>\n","protected":false},"excerpt":{"rendered":"<p>La CFTC demande une prime JO pour les postiers ! De nombreuses difficult\u00e9s en perspective\u00a0! Les postiers auront du mal \u00e0 se rendre sur leur lieu de travail du fait des stations de m\u00e9tro ferm\u00e9es sur les lignes 1, 8, 12 et 13, Tram T2 et T3. Les correspondances vont \u00eatre compliqu\u00e9es\u00a0! Restrictions de circulation\u00a0: [&hellip;]<\/p>\n","protected":false},"author":0,"featured_media":0,"comment_status":"open","ping_status":"open","sticky":false,"template":"","format":"standard","meta":[],"categories":[1],"tags":[],"_links":{"self":[{"href":"https:\/\/cftc-syntec.fr\/testimport\/wp-json\/wp\/v2\/posts\/4919"}],"collection":[{"href":"https:\/\/cftc-syntec.fr\/testimport\/wp-json\/wp\/v2\/posts"}],"about":[{"href":"https:\/\/cftc-syntec.fr\/testimport\/wp-json\/wp\/v2\/types\/post"}],"replies":[{"embeddable":true,"href":"https:\/\/cftc-syntec.fr\/testimport\/wp-json\/wp\/v2\/comments?post=4919"}],"version-history":[{"count":0,"href":"https:\/\/cftc-syntec.fr\/testimport\/wp-json\/wp\/v2\/posts\/4919\/revisions"}],"wp:attachment":[{"href":"https:\/\/cftc-syntec.fr\/testimport\/wp-json\/wp\/v2\/media?parent=4919"}],"wp:term":[{"taxonomy":"category","embeddable":true,"href":"https:\/\/cftc-syntec.fr\/testimport\/wp-json\/wp\/v2\/categories?post=4919"},{"taxonomy":"post_tag","embeddable":true,"href":"https:\/\/cftc-syntec.fr\/testimport\/wp-json\/wp\/v2\/tags?post=4919"}],"curies":[{"name":"wp","href":"https:\/\/api.w.org\/{rel}","templated":true}]}}