{"id":4921,"date":"2024-06-20T11:49:41","date_gmt":"2024-06-20T09:49:41","guid":{"rendered":"https:\/\/cftc-syntec.fr\/testimport\/elections-europeennes\/"},"modified":"2024-06-20T11:49:41","modified_gmt":"2024-06-20T09:49:41","slug":"elections-europeennes","status":"publish","type":"post","link":"https:\/\/cftc-syntec.fr\/testimport\/elections-europeennes\/","title":{"rendered":"\u00e9lections europ\u00e9ennes"},"content":{"rendered":"<p class=\"has-primary-color has-text-color has-link-color wp-elements-618588bef20ef96d0041a498bfc550d5\"><strong> UNE NOUVELLE EPREUVE POUR LES SITES DE DISTRIBUTION :<\/strong><\/p>\n<p>Les postiers de la distribution viennent d\u2019exp\u00e9rimenter les journ\u00e9es Vacances+ et de voir arriver dans leurs sacoches l\u2019imprim\u00e9 publicitaire. Mais une nouvelle \u00e9preuve les attend !<\/p>\n<p class=\"has-primary-color has-text-color has-link-color wp-elements-6ca0a751c268224b75910c8190f3116b\"><strong>LES PLIS ELECTORAUX <\/strong>!<\/p>\n<p>Le d\u00e9fi est de taille ! Comment les facteurs vont-ils pouvoir distribuer ces plis \u00e9lectoraux en tr\u00e8s peu de jours, en les triant sur des CHM 5 colonnes, et en \u00e9tant sans doute oblig\u00e9s de revenir pour nombre d\u2019entre eux sur leur samedi de cong\u00e9s ?<\/p>\n<p>La distribution des plis \u00e9lectoraux constitue un enjeu majeur pour l\u2019entreprise. Mais les postiers, qui vont s\u2019attacher \u00e0 relever le d\u00e9fi, ne doivent pas \u00eatre \u00e0 nouveau les oubli\u00e9s !<\/p>\n<p>En plus de la r\u00e9mun\u00e9ration de toute heure suppl\u00e9mentaire effectu\u00e9e, la CFTC demande \u00e0 la BSCC de privil\u00e9gier les conditions de travail, en mettant en place tous les renforts n\u00e9cessaires \u00e0 l\u2019\u00e9coulement de cette charge suppl\u00e9mentaire.<\/p>\n<p>Sans une v\u00e9ritable prise de conscience de la Branche, une juste consid\u00e9ration du travail de chacun, et une valorisation cons\u00e9quente de la qualit\u00e9 de service des facteurs, tr\u00e8s attach\u00e9s \u00e0 leur m\u00e9tier, la p\u00e9riode \u00e9lectorale ne conna\u00eetra probablement pas le succ\u00e8s attendu par les clients de La Poste et par les postiers !<\/p>\n<p class=\"has-danger-color has-text-color has-link-color wp-elements-adad5c751030cc7900ccd04a99e1311e\"><strong>LA CFTC DEMANDE :<\/strong><\/p>\n<p>Paiement de toute heures suppl\u00e9mentaire effectu\u00e9e lors de la p\u00e9riode \u00e9lectorale.<\/p>\n<p>Des renforts suffisants partout o\u00f9 ce sera n\u00e9cessaire.<\/p>\n<p>Une arriv\u00e9e des plis pr\u00e9coce pour pr\u00e9server la qualit\u00e9 de vie au travail.<\/p>\n<p>Le respect de l\u2019\u00e9quilibre vie priv\u00e9e\/vie professionnelle.<\/p>\n<p>Le maintien des repos pr\u00e9vus le samedi.<\/p>\n<p class=\"has-text-align-center has-primary-color has-text-color has-link-color wp-elements-162e0845118769bbf0cdc0e5fae102e3\"><strong>POUR LA CFTC, TOUT TRAVAIL DOIT \u00caTRE R\u00c9MUN\u00c9R\u00c9 \u00c0 SA JUSTE VALEUR !<\/strong><\/p>\n<p>L\u2019article <a href=\"https:\/\/www.cftcmediaplus.fr\/postes\/elections-europeennes\/\">\u00e9lections europ\u00e9ennes<\/a> est apparu en premier sur <a href=\"https:\/\/www.cftcmediaplus.fr\/\">CFTC Media Plus<\/a>.<\/p>\n","protected":false},"excerpt":{"rendered":"<p>UNE NOUVELLE EPREUVE POUR LES SITES DE DISTRIBUTION : Les postiers de la distribution viennent d\u2019exp\u00e9rimenter les journ\u00e9es Vacances+ et de voir arriver dans leurs sacoches l\u2019imprim\u00e9 publicitaire. Mais une nouvelle \u00e9preuve les attend ! LES PLIS ELECTORAUX ! Le d\u00e9fi est de taille ! Comment les facteurs vont-ils pouvoir distribuer ces plis \u00e9lectoraux en [&hellip;]<\/p>\n","protected":false},"author":0,"featured_media":0,"comment_status":"open","ping_status":"open","sticky":false,"template":"","format":"standard","meta":[],"categories":[1],"tags":[],"_links":{"self":[{"href":"https:\/\/cftc-syntec.fr\/testimport\/wp-json\/wp\/v2\/posts\/4921"}],"collection":[{"href":"https:\/\/cftc-syntec.fr\/testimport\/wp-json\/wp\/v2\/posts"}],"about":[{"href":"https:\/\/cftc-syntec.fr\/testimport\/wp-json\/wp\/v2\/types\/post"}],"replies":[{"embeddable":true,"href":"https:\/\/cftc-syntec.fr\/testimport\/wp-json\/wp\/v2\/comments?post=4921"}],"version-history":[{"count":0,"href":"https:\/\/cftc-syntec.fr\/testimport\/wp-json\/wp\/v2\/posts\/4921\/revisions"}],"wp:attachment":[{"href":"https:\/\/cftc-syntec.fr\/testimport\/wp-json\/wp\/v2\/media?parent=4921"}],"wp:term":[{"taxonomy":"category","embeddable":true,"href":"https:\/\/cftc-syntec.fr\/testimport\/wp-json\/wp\/v2\/categories?post=4921"},{"taxonomy":"post_tag","embeddable":true,"href":"https:\/\/cftc-syntec.fr\/testimport\/wp-json\/wp\/v2\/tags?post=4921"}],"curies":[{"name":"wp","href":"https:\/\/api.w.org\/{rel}","templated":true}]}}