{"id":4924,"date":"2024-06-24T16:53:16","date_gmt":"2024-06-24T14:53:16","guid":{"rendered":"https:\/\/cftc-syntec.fr\/testimport\/elections-legislatives-le-cese-veut-faire-entendre-la-voix-de-la-societe-civile\/"},"modified":"2024-06-24T16:53:16","modified_gmt":"2024-06-24T14:53:16","slug":"elections-legislatives-le-cese-veut-faire-entendre-la-voix-de-la-societe-civile","status":"publish","type":"post","link":"https:\/\/cftc-syntec.fr\/testimport\/elections-legislatives-le-cese-veut-faire-entendre-la-voix-de-la-societe-civile\/","title":{"rendered":"\u00c9lections l\u00e9gislatives : le CESE veut faire entendre la voix de la soci\u00e9t\u00e9 civile"},"content":{"rendered":"<p>Cet article <a href=\"https:\/\/www.cftc.fr\/actualites\/elections-legislatives-le-cese-veut-faire-entendre-la-voix-de-la-societe-civile\">\u00c9lections l\u00e9gislatives : le CESE veut faire entendre la voix de la soci\u00e9t\u00e9 civile<\/a> est apparu en premier sur <a href=\"https:\/\/www.cftc.fr\/\">CFTC<\/a>.<\/p>\n","protected":false},"excerpt":{"rendered":"<p>Cet article \u00c9lections l\u00e9gislatives : le CESE veut faire entendre la voix de la soci\u00e9t\u00e9 civile est apparu en premier sur CFTC.<\/p>\n","protected":false},"author":0,"featured_media":0,"comment_status":"open","ping_status":"open","sticky":false,"template":"","format":"standard","meta":[],"categories":[1],"tags":[],"_links":{"self":[{"href":"https:\/\/cftc-syntec.fr\/testimport\/wp-json\/wp\/v2\/posts\/4924"}],"collection":[{"href":"https:\/\/cftc-syntec.fr\/testimport\/wp-json\/wp\/v2\/posts"}],"about":[{"href":"https:\/\/cftc-syntec.fr\/testimport\/wp-json\/wp\/v2\/types\/post"}],"replies":[{"embeddable":true,"href":"https:\/\/cftc-syntec.fr\/testimport\/wp-json\/wp\/v2\/comments?post=4924"}],"version-history":[{"count":0,"href":"https:\/\/cftc-syntec.fr\/testimport\/wp-json\/wp\/v2\/posts\/4924\/revisions"}],"wp:attachment":[{"href":"https:\/\/cftc-syntec.fr\/testimport\/wp-json\/wp\/v2\/media?parent=4924"}],"wp:term":[{"taxonomy":"category","embeddable":true,"href":"https:\/\/cftc-syntec.fr\/testimport\/wp-json\/wp\/v2\/categories?post=4924"},{"taxonomy":"post_tag","embeddable":true,"href":"https:\/\/cftc-syntec.fr\/testimport\/wp-json\/wp\/v2\/tags?post=4924"}],"curies":[{"name":"wp","href":"https:\/\/api.w.org\/{rel}","templated":true}]}}