{"id":4927,"date":"2024-06-27T11:09:29","date_gmt":"2024-06-27T09:09:29","guid":{"rendered":"https:\/\/cftc-syntec.fr\/testimport\/le-forum-ssct-sante-securite-condition-de-travail\/"},"modified":"2024-06-27T11:09:29","modified_gmt":"2024-06-27T09:09:29","slug":"le-forum-ssct-sante-securite-condition-de-travail","status":"publish","type":"post","link":"https:\/\/cftc-syntec.fr\/testimport\/le-forum-ssct-sante-securite-condition-de-travail\/","title":{"rendered":"Le forum SSCT (Sant\u00e9 s\u00e9curit\u00e9 condition de travail)"},"content":{"rendered":"<p>Le <strong>13 juin 2024<\/strong> s\u2019est tenu le forum SSCT (S\u00e9curit\u00e9, Sant\u00e9 et Condition de Travail) organis\u00e9 par la CFTC Media+. Merci \u00e0 la journaliste radio \u00c9milie Joubert qui a su introduire et animer le th\u00e8me <strong>\u00ab\u00a0M\u00e9diation : d\u00e9marche de r\u00e9solutions des tensions\u00a0\u00bb<\/strong> avec brio.<\/p>\n<p>Ecouter l\u2019autre et ne pas apporter de jugement ne sont pas des t\u00e2ches faciles. D\u2019ailleurs, de quoi parle-t-on lorsqu\u2019on parle de m\u00e9diation ? Quelles sont les cl\u00e9s pour \u00eatre en accord avec soi et avec les autres ? Nos diff\u00e9rents intervenants ont r\u00e9pondu aux interrogations de nos militants.<\/p>\n<p>Florence Burlot, directrice de la m\u00e9diation du groupe La Poste, a expliqu\u00e9 que la m\u00e9diation repose sur l\u2019\u00e9coute de l\u2019autre tout en gardant une distance, sans jugement. Parmi les cl\u00e9s du l\u00e2cher prise : les quatres accords tolt\u00e8ques de don Miguel Ruiz qui encouragent \u00e0 dire des choses sinc\u00e8res, ne pas faire de suppositions, ne rien prendre personnellement et faire de son mieux.<\/p>\n<p>J\u00e9r\u00f4me Aubert, tr\u00e9sorier f\u00e9d\u00e9ral, a partag\u00e9 son exp\u00e9rience o\u00f9 il s\u2019est retrouv\u00e9 entra\u00een\u00e9 dans les dangers d\u2019une empathie excessive. Il appuie les propos de Florence Burlot, affirmant que la prise de recul sur une situation est primordiale mais pas toujours \u00e9vidente.<\/p>\n<p>Il confirme que l\u2019appui des services de m\u00e9diation lui a permis de r\u00e9gler certaines situations en apaisant les tensions interpersonnelles et en ramenant une situation propice au bon fonctionnement des services concern\u00e9s.<\/p>\n<p>En fin de matin\u00e9e, R\u00e9gis Aubert, m\u00e9diateur de la mission Nationale de soutien et de m\u00e9diation chez Orange, a admis qu\u2019il aurait abord\u00e9 certaines situations diff\u00e9remment au cours de sa carri\u00e8re de manager dans la vente s\u2019il avait connu la m\u00e9diation plus t\u00f4t. Il a \u00e9galement pr\u00e9cis\u00e9 que les entretiens de m\u00e9diation chez Orange se d\u00e9roulent en dehors des locaux de l\u2019entreprise afin d\u2019assurer une neutralit\u00e9.<\/p>\n<p>L\u2019apr\u00e8s-midi, la troupe de th\u00e9\u00e2tre Parenth\u00e8ses a pr\u00e9sent\u00e9 des sayn\u00e8tes interactives qui ont permis au public de comprendre que le stress est un des risques psychosociaux les plus r\u00e9pandus. La troupe a expliqu\u00e9 comment celui-ci se manifeste, ses m\u00e9canismes et comment agir sur ses causes.<\/p>\n<p>Gr\u00e2ce \u00e0 ce forum, nous savons que l\u2019\u00e9coute active, l\u2019empathie et le l\u00e2cher prise sont des notions essentielles en m\u00e9diation et que cette derni\u00e8re implique le respect et la compr\u00e9hension de l\u2019autre.<\/p>\n<p class=\"has-text-align-center\"><strong>Cette journ\u00e9e n\u2019a pas fait de nos militants des m\u00e9diateurs, mais elle leur a donn\u00e9 quelques clefs de compr\u00e9hension des tensions et que la r\u00e9ponse \u00e0 certaines situations n\u2019est pas seulement juridique mais surtout humaine.<\/strong><\/p>\n<p>L\u2019article <a href=\"https:\/\/www.cftcmediaplus.fr\/federation\/le-forum-ssct-sante-securite-condition-de-travail\/\">Le forum SSCT (Sant\u00e9 s\u00e9curit\u00e9 condition de travail)<\/a> est apparu en premier sur <a href=\"https:\/\/www.cftcmediaplus.fr\/\">CFTC Media Plus<\/a>.<\/p>\n","protected":false},"excerpt":{"rendered":"<p>Le 13 juin 2024 s\u2019est tenu le forum SSCT (S\u00e9curit\u00e9, Sant\u00e9 et Condition de Travail) organis\u00e9 par la CFTC Media+. Merci \u00e0 la journaliste radio \u00c9milie Joubert qui a su introduire et animer le th\u00e8me \u00ab\u00a0M\u00e9diation : d\u00e9marche de r\u00e9solutions des tensions\u00a0\u00bb avec brio. Ecouter l\u2019autre et ne pas apporter de jugement ne sont pas [&hellip;]<\/p>\n","protected":false},"author":0,"featured_media":0,"comment_status":"open","ping_status":"open","sticky":false,"template":"","format":"standard","meta":[],"categories":[1],"tags":[],"_links":{"self":[{"href":"https:\/\/cftc-syntec.fr\/testimport\/wp-json\/wp\/v2\/posts\/4927"}],"collection":[{"href":"https:\/\/cftc-syntec.fr\/testimport\/wp-json\/wp\/v2\/posts"}],"about":[{"href":"https:\/\/cftc-syntec.fr\/testimport\/wp-json\/wp\/v2\/types\/post"}],"replies":[{"embeddable":true,"href":"https:\/\/cftc-syntec.fr\/testimport\/wp-json\/wp\/v2\/comments?post=4927"}],"version-history":[{"count":0,"href":"https:\/\/cftc-syntec.fr\/testimport\/wp-json\/wp\/v2\/posts\/4927\/revisions"}],"wp:attachment":[{"href":"https:\/\/cftc-syntec.fr\/testimport\/wp-json\/wp\/v2\/media?parent=4927"}],"wp:term":[{"taxonomy":"category","embeddable":true,"href":"https:\/\/cftc-syntec.fr\/testimport\/wp-json\/wp\/v2\/categories?post=4927"},{"taxonomy":"post_tag","embeddable":true,"href":"https:\/\/cftc-syntec.fr\/testimport\/wp-json\/wp\/v2\/tags?post=4927"}],"curies":[{"name":"wp","href":"https:\/\/api.w.org\/{rel}","templated":true}]}}