{"id":4930,"date":"2024-07-04T11:18:12","date_gmt":"2024-07-04T09:18:12","guid":{"rendered":"https:\/\/cftc-syntec.fr\/testimport\/fusion-syndicale-a-tours-naissance-du-syndicat-national-des-personnels-du-papier-carton-de-ledition-et-de-la-librairie\/"},"modified":"2024-07-04T11:18:12","modified_gmt":"2024-07-04T09:18:12","slug":"fusion-syndicale-a-tours-naissance-du-syndicat-national-des-personnels-du-papier-carton-de-ledition-et-de-la-librairie","status":"publish","type":"post","link":"https:\/\/cftc-syntec.fr\/testimport\/fusion-syndicale-a-tours-naissance-du-syndicat-national-des-personnels-du-papier-carton-de-ledition-et-de-la-librairie\/","title":{"rendered":"Fusion Syndicale \u00e0 Tours : Naissance du Syndicat National des Personnels du Papier-carton, de l\u2019\u00c9dition et de la Librairie"},"content":{"rendered":"<p>L\u2019assembl\u00e9e g\u00e9n\u00e9rale de fusion du Syndicat National des Personnels de l\u2019Edition, de la Librairie et des Activit\u00e9s Connexes avec le Syndicat des Papetiers du Bas-Rhin et avec le Syndicat de la Communication des Vosges a eu lieu le 27 juin \u00e0 Tours.<\/p>\n<p>Le nouveau syndicat s\u2019intitule Syndicat National des Personnels du Papier-carton, de l\u2019Edition, de la Librairie et des Activit\u00e9s Connexes.<\/p>\n<p>Cette nouvelle structure permettra de couvrir nos adh\u00e9rents du secteur du papier-carton et de donner une impulsion au d\u00e9veloppement de la CFTC dans les secteurs concern\u00e9s.<\/p>\n<p>Une nouvelle \u00e9quipe a \u00e9t\u00e9 \u00e9lue\u00a0: Pr\u00e9sident Patrick Charpentier, Secr\u00e9taire g\u00e9n\u00e9ral Johann Decoux, Tr\u00e9sorier Vincent Broutin, Vice-pr\u00e9sident Lionel Fritsch, Secr\u00e9taire g\u00e9n\u00e9ral adjoint Thierry Guit, Tr\u00e9sorier adjoint Karl David.<\/p>\n<p>La F\u00e9d\u00e9ration accompagnera le SNPPELAC en tant que de besoin et lui souhaite pleine r\u00e9ussite.<\/p>\n<p>L\u2019article <a href=\"https:\/\/www.cftcmediaplus.fr\/papier-carton\/fusion-syndicale-a-tours-naissance-du-syndicat-national-des-personnels-du-papier-carton-de-ledition-et-de-la-librairie\/\">Fusion Syndicale \u00e0 Tours : Naissance du Syndicat National des Personnels du Papier-carton, de l\u2019\u00c9dition et de la Librairie<\/a> est apparu en premier sur <a href=\"https:\/\/www.cftcmediaplus.fr\/\">CFTC Media Plus<\/a>.<\/p>\n","protected":false},"excerpt":{"rendered":"<p>L\u2019assembl\u00e9e g\u00e9n\u00e9rale de fusion du Syndicat National des Personnels de l\u2019Edition, de la Librairie et des Activit\u00e9s Connexes avec le Syndicat des Papetiers du Bas-Rhin et avec le Syndicat de la Communication des Vosges a eu lieu le 27 juin \u00e0 Tours. Le nouveau syndicat s\u2019intitule Syndicat National des Personnels du Papier-carton, de l\u2019Edition, de [&hellip;]<\/p>\n","protected":false},"author":0,"featured_media":0,"comment_status":"open","ping_status":"open","sticky":false,"template":"","format":"standard","meta":[],"categories":[1],"tags":[],"_links":{"self":[{"href":"https:\/\/cftc-syntec.fr\/testimport\/wp-json\/wp\/v2\/posts\/4930"}],"collection":[{"href":"https:\/\/cftc-syntec.fr\/testimport\/wp-json\/wp\/v2\/posts"}],"about":[{"href":"https:\/\/cftc-syntec.fr\/testimport\/wp-json\/wp\/v2\/types\/post"}],"replies":[{"embeddable":true,"href":"https:\/\/cftc-syntec.fr\/testimport\/wp-json\/wp\/v2\/comments?post=4930"}],"version-history":[{"count":0,"href":"https:\/\/cftc-syntec.fr\/testimport\/wp-json\/wp\/v2\/posts\/4930\/revisions"}],"wp:attachment":[{"href":"https:\/\/cftc-syntec.fr\/testimport\/wp-json\/wp\/v2\/media?parent=4930"}],"wp:term":[{"taxonomy":"category","embeddable":true,"href":"https:\/\/cftc-syntec.fr\/testimport\/wp-json\/wp\/v2\/categories?post=4930"},{"taxonomy":"post_tag","embeddable":true,"href":"https:\/\/cftc-syntec.fr\/testimport\/wp-json\/wp\/v2\/tags?post=4930"}],"curies":[{"name":"wp","href":"https:\/\/api.w.org\/{rel}","templated":true}]}}